{"id":1023,"date":"2016-10-27T01:05:39","date_gmt":"2016-10-26T23:05:39","guid":{"rendered":"http:\/\/www.lintelligentdabidjan.info\/news\/?p=1023"},"modified":"2016-10-27T01:05:39","modified_gmt":"2016-10-26T23:05:39","slug":"ouattara-a-propos-du-coup-detat-de-99-jai-ete-surpris","status":"publish","type":"post","link":"https:\/\/www.lintelligentdabidjan.info\/news\/ouattara-a-propos-du-coup-detat-de-99-jai-ete-surpris\/","title":{"rendered":"Ouattara \u00e0 propos du coup d&#8217;\u00c9tat de 99 :  \u00ab J\u2019ai \u00e9t\u00e9 surpris&#8230; \u00bb"},"content":{"rendered":"<p>Dans le cadre de la campagne r\u00e9f\u00e9rendaire pour l&#8217;\u00e9lection du 30 octobre 2016 , le Pr\u00e9sident de la R\u00e9publique a partag\u00e9 un petit d\u00e9jeuner avec les organisations de la soci\u00e9t\u00e9 civile le mercredi 26 octobre 2016 dans un h\u00f4tel \u00e0 Abidjan.<br \/>\n<!--more--><\/p>\n<p>Alassane Ouattara a indiqu\u00e9 \u00e0 cette occasion que la soci\u00e9t\u00e9 civile apporte une contribution importante dans la coh\u00e9sion nationale. C\u2019est ce qui explique d\u2019ailleurs ,  selon lui,  la &#8220;constitutionnalisation&#8221; de son r\u00f4le dans la nouvelle Constitution qui met le pays \u00e0 l\u2019abri des tensions sociales notamment des coups d\u2019\u00c9tat . <\/p>\n<p>Sur ce point, il a fait cette r\u00e9v\u00e9lation : \u00ab Souvent ,  on oublie que le pays a connu  un coup d\u2019\u00c9tat en 99. C\u2019\u00e9tait une surprise pour nous tous. Je me souviens toujours quand j\u2019\u00e9tais premier ministre et au d\u00e9c\u00e8s du Pr\u00e9sident Houphou\u00ebt , que beaucoup de responsables politiques de pays importants , de pays industrialis\u00e9s, souhaitaient que je continue comme premier ministre. Dans le cadre de l\u2019article 11 en son temps, j\u2019avais indiqu\u00e9 que mon pays \u00e9tait bien parti , que je n\u2019avais pas de souci et que j\u2019avais suffisamment pr\u00e9par\u00e9 mon vice-premier ministre Daniel Duncan pour \u00eatre le premier ministre du Pr\u00e9sident Henri Konan B\u00e9di\u00e9. Je me suis dit que mon pays \u00e9tait \u00e0 l\u2019abri des soubresauts , des coups d\u2019\u00c9tat . J\u2019ai \u00e9t\u00e9 surpris quand il y a eu ce coup d\u2019\u00c9tat \u00bb. <\/p>\n<p>TAB<\/p>\n","protected":false},"excerpt":{"rendered":"<p>Dans le cadre de la campagne r\u00e9f\u00e9rendaire pour l&#8217;\u00e9lection du 30 octobre 2016 , le Pr\u00e9sident de la R\u00e9publique a partag\u00e9 un petit d\u00e9jeuner avec les organisations de la soci\u00e9t\u00e9 civile le mercredi 26 octobre 2016 dans un h\u00f4tel \u00e0 Abidjan.<\/p>\n","protected":false},"author":2,"featured_media":1024,"comment_status":"closed","ping_status":"closed","sticky":false,"template":"","format":"standard","meta":{"footnotes":""},"categories":[17],"tags":[],"class_list":["post-1023","post","type-post","status-publish","format-standard","has-post-thumbnail","hentry","category-politique"],"_links":{"self":[{"href":"https:\/\/www.lintelligentdabidjan.info\/news\/wp-json\/wp\/v2\/posts\/1023","targetHints":{"allow":["GET"]}}],"collection":[{"href":"https:\/\/www.lintelligentdabidjan.info\/news\/wp-json\/wp\/v2\/posts"}],"about":[{"href":"https:\/\/www.lintelligentdabidjan.info\/news\/wp-json\/wp\/v2\/types\/post"}],"author":[{"embeddable":true,"href":"https:\/\/www.lintelligentdabidjan.info\/news\/wp-json\/wp\/v2\/users\/2"}],"replies":[{"embeddable":true,"href":"https:\/\/www.lintelligentdabidjan.info\/news\/wp-json\/wp\/v2\/comments?post=1023"}],"version-history":[{"count":1,"href":"https:\/\/www.lintelligentdabidjan.info\/news\/wp-json\/wp\/v2\/posts\/1023\/revisions"}],"predecessor-version":[{"id":1025,"href":"https:\/\/www.lintelligentdabidjan.info\/news\/wp-json\/wp\/v2\/posts\/1023\/revisions\/1025"}],"wp:featuredmedia":[{"embeddable":true,"href":"https:\/\/www.lintelligentdabidjan.info\/news\/wp-json\/wp\/v2\/media\/1024"}],"wp:attachment":[{"href":"https:\/\/www.lintelligentdabidjan.info\/news\/wp-json\/wp\/v2\/media?parent=1023"}],"wp:term":[{"taxonomy":"category","embeddable":true,"href":"https:\/\/www.lintelligentdabidjan.info\/news\/wp-json\/wp\/v2\/categories?post=1023"},{"taxonomy":"post_tag","embeddable":true,"href":"https:\/\/www.lintelligentdabidjan.info\/news\/wp-json\/wp\/v2\/tags?post=1023"}],"curies":[{"name":"wp","href":"https:\/\/api.w.org\/{rel}","templated":true}]}}