{"id":10755,"date":"2018-12-01T10:46:27","date_gmt":"2018-12-01T09:46:27","guid":{"rendered":"http:\/\/www.lintelligentdabidjan.info\/news\/?p=10755"},"modified":"2018-12-01T10:52:52","modified_gmt":"2018-12-01T09:52:52","slug":"compte-rendu-de-de-latelier-entre-agences-gouvernementale-americaines-et-ivoiriennes-sur-la-promotion-des-pme-ivoiriennes-et-americaines-washington-dc-watergate-hotel-les-14-et-15-novembre-2018","status":"publish","type":"post","link":"https:\/\/www.lintelligentdabidjan.info\/news\/compte-rendu-de-de-latelier-entre-agences-gouvernementale-americaines-et-ivoiriennes-sur-la-promotion-des-pme-ivoiriennes-et-americaines-washington-dc-watergate-hotel-les-14-et-15-novembre-2018\/","title":{"rendered":"Compte rendu de de l&#8217;atelier entre agences  gouvernementale am\u00e9ricaines et ivoiriennes sur la promotion des PME ivoiriennes et am\u00e9ricaines Washington DC Watergate H\u00f4tel &#8211; Les  14 et 15 novembre 2018"},"content":{"rendered":"<p>Le Service de Promotion Economique de la C\u00f4te d\u2019Ivoire aux Etats-Unis, au Canada et au Mexique (SPECI) a organis\u00e9 du 14 au 15 novembre 2018 \u00e0 Washington un atelier r\u00e9unissant les agences gouvernementales am\u00e9ricaines et ivoiriennes de promotion des PME sur le th\u00e8me ci-apr\u00e8s : <!--more-->\u00ab Comment booster le d\u00e9veloppement des PME Ivoiriennes au travers d\u2019une plateforme gouvernementale conjointe d\u2019agences ivoiriennes et am\u00e9ricaines \u00bb.<br \/>\nLe gouvernement ivoirien \u00e9tait repr\u00e9sent\u00e9 par Madame Kandia Kamissoko CAMARA, Ministre de l\u2019Education Nationale, de l\u2019Enseignement Technique et de la Formation Professionnelle et par Monsieur Miezan Felix ANOBLE, Secr\u00e9taire d\u2019Etat charg\u00e9 de la Promotion des PME.<br \/>\nCet atelier a \u00e9galement vu la participation de la Chambre de Commerce et d\u2019Industrie repr\u00e9sent\u00e9e par son Vice-Pr\u00e9sident M. Harouna Kon\u00e9, de la CEGCI repr\u00e9sent\u00e9e par M. Eric Kakou, de l\u2019Agence CI-PME repr\u00e9sent\u00e9e par son Directeur G\u00e9n\u00e9ral M. Bamba Salimou et du<br \/>\nVITIB repr\u00e9sent\u00e9 par son Directeur G\u00e9n\u00e9ral le docteur Philippe Pango ainsi que la tr\u00e8s forte mobilisation de PME et entreprises ivoiriennes op\u00e9rant dans la Construction, les BTP, la Banque<br \/>\net les nouvelles technologies.<br \/>\nDu c\u00f4t\u00e9 des Etats-Unis, l\u2019on notait la participation de diverses administrations et agences f\u00e9d\u00e9rales notamment la Small Business Administration (SBA) repr\u00e9sent\u00e9e par M. Peter CAZAMIAS, l\u2019un de ses administrateurs, de l\u2019USAID repr\u00e9sent\u00e9 par Mme Amy Lovejoy,<br \/>\nresponsable de la gestion des ressources naturelles, de l\u2019 U.S. African Development Foundation repr\u00e9sent\u00e9 par son Pr\u00e9sident ainsi que du Corporate Council of Africa (CCA) qui regroupe 85% des entreprises am\u00e9ricaines investissant en Afrique et repr\u00e9sent\u00e9 par sa Pr\u00e9sidente Mme<br \/>\nFlorizelle LISER.<\/p>\n<p><a href=\"http:\/\/www.lintelligentdabidjan.info\/news\/wp-content\/uploads\/2018\/12\/IMG_8300.jpg\"><img loading=\"lazy\" decoding=\"async\" class=\"aligncenter size-full wp-image-10758\" src=\"http:\/\/www.lintelligentdabidjan.info\/news\/wp-content\/uploads\/2018\/12\/IMG_8300.jpg\" alt=\"IMG_8300\" width=\"2592\" height=\"1728\" srcset=\"https:\/\/www.lintelligentdabidjan.info\/news\/wp-content\/uploads\/2018\/12\/IMG_8300.jpg 2592w, https:\/\/www.lintelligentdabidjan.info\/news\/wp-content\/uploads\/2018\/12\/IMG_8300-300x200.jpg 300w, https:\/\/www.lintelligentdabidjan.info\/news\/wp-content\/uploads\/2018\/12\/IMG_8300-768x512.jpg 768w, https:\/\/www.lintelligentdabidjan.info\/news\/wp-content\/uploads\/2018\/12\/IMG_8300-1024x683.jpg 1024w, https:\/\/www.lintelligentdabidjan.info\/news\/wp-content\/uploads\/2018\/12\/IMG_8300-696x464.jpg 696w, https:\/\/www.lintelligentdabidjan.info\/news\/wp-content\/uploads\/2018\/12\/IMG_8300-1068x712.jpg 1068w, https:\/\/www.lintelligentdabidjan.info\/news\/wp-content\/uploads\/2018\/12\/IMG_8300-630x420.jpg 630w\" sizes=\"auto, (max-width: 2592px) 100vw, 2592px\" \/><\/a><\/p>\n<p>La pr\u00e9sente note qui a pour objet de rendre compte de cet atelier s\u2019articule autour des points<br \/>\nsuivants :<br \/>\n&#8211; Discours ;<br \/>\n&#8211; Panels ;<br \/>\n&#8211; Audiences ;<br \/>\n&#8211; Projets gouvernementaux int\u00e9ressant les milieux d\u2019affaires am\u00e9ricains ;<br \/>\n&#8211; Perspectives.<br \/>\n<strong>I. Discours<\/strong><br \/>\nL\u2019ouverture de cet atelier a \u00e9t\u00e9 marqu\u00e9 par les discours de :<br \/>\n\u2022 Son Excellence Monsieur le D\u00e9l\u00e9gu\u00e9 G\u00e9n\u00e9ral du Service de Promotion Economique de la C\u00f4te d\u2019Ivoire aux Etats unis, au Canada et au Mexique<br \/>\nSon Excellence Monsieur le D\u00e9l\u00e9gu\u00e9 G\u00e9n\u00e9ral a vivement remerci\u00e9 les participants pour l\u2019int\u00e9r\u00eat port\u00e9 \u00e0 cet \u00e9v\u00e8nement et surtout pour avoir fait si massivement le d\u00e9placement. Ensuite, il a<br \/>\nrappel\u00e9 l\u2019importance du secteur priv\u00e9 et des investisseurs priv\u00e9s \u00e9trangers dans la construction d\u2019une C\u00f4te d\u2019Ivoire prosp\u00e8re et \u00e9mergente conform\u00e9ment aux engagements du Pr\u00e9sident de la<br \/>\nR\u00e9publique.<br \/>\nA sa suite Monsieur Peter CAZAMIAS et Madame Florizelle LISER, respectivement de la Small Business Administration (SBA) et du Corporate Council of Africa (CCA) ont fait de tr\u00e8s br\u00e8ves allocutions pour f\u00e9liciter le Service de Promotion Economique de la tenue d\u2019un tel \u00e9v\u00e8nement tout en souhaitant qu\u2019il puisse permettre de renforcer et de consolider encore plus les relations d\u2019affaires entre les milieux d\u2019affaires ivoiriens et am\u00e9ricains.<br \/>\n\u2022 Monsieur Felix Miezan ANOBLE<br \/>\nLe Secr\u00e9taire d\u2019Etat a indiqu\u00e9 que le Gouvernement ivoirien entend porter la valeur globale de<br \/>\nses \u00e9changes commerciaux ext\u00e9rieurs \u00e0 environ 1700 milliards de F CFA \u00e0 l\u2019horizon 2025. A cet<br \/>\neffet, la valeur totale des \u00e9changes entre la C\u00f4te d\u2019Ivoire et les Etats-Unis qui serait d\u2019environ 1,8 milliards de dollars devrait \u00eatre port\u00e9e \u00e0 plus de 3 milliards de dollars \u00e0 la m\u00eame \u00e9ch\u00e9ance.<br \/>\nPour ce faire, il a invit\u00e9 tous les acteurs pr\u00e9sents \u00e0 tirer pleinement profit de cet atelier afin d\u2019intensifier toutes les opportunit\u00e9s de coop\u00e9ration, d\u2019\u00e9changes et d\u2019associations qui pourraient<br \/>\nen r\u00e9sulter.<br \/>\n\u2022 Madame Kandia CAMARA<br \/>\nMadame Kandia CAMARA a tenu \u00e0 remercier les organisateurs pour la tenue d\u2019un tel \u00e9v\u00e8nement<br \/>\nqui participera in\u00e9vitablement au renforcement des relations commerciales entre les deux pays.<br \/>\nEn second lieu, elle a mis en relief les atouts et les performances \u00e9conomiques de la C\u00f4te<br \/>\nd\u2019Ivoire. Enfin, elle a fait un tour d\u2019horizon des r\u00e9formes entreprises par le Gouvernement qui<br \/>\nont contribu\u00e9 \u00e0 consolider et \u00e0 accro\u00eetre l\u2019attractivit\u00e9 de la C\u00f4te d\u2019Ivoire, notamment :<br \/>\n&#8211; un taux moyen de croissance annuelle d\u2019environ 9% depuis 2012 ;<br \/>\n&#8211; la reconnaissance de la C\u00f4te d\u2019Ivoire comme l\u2019un des meilleurs pays r\u00e9formateurs du monde<br \/>\npar le rapport \u00ab Doing Business \u00bb de la Banque Mondiale ;<br \/>\n&#8211; les succ\u00e8s cons\u00e9cutifs des r\u00e9centes \u00e9missions d\u2019eurobond ;<br \/>\n&#8211; l\u2019obtention du MCC Compact.<br \/>\n&#8211; l\u2019implantation du si\u00e8ge de plusieurs institutions et organisations internationales : OPIC,<br \/>\nBAD, ICC etc\u2026<\/p>\n<p><a href=\"http:\/\/www.lintelligentdabidjan.info\/news\/wp-content\/uploads\/2018\/12\/IMG_8379.jpg\"><img loading=\"lazy\" decoding=\"async\" class=\"aligncenter size-full wp-image-10757\" src=\"http:\/\/www.lintelligentdabidjan.info\/news\/wp-content\/uploads\/2018\/12\/IMG_8379.jpg\" alt=\"IMG_8379\" width=\"2592\" height=\"1728\" srcset=\"https:\/\/www.lintelligentdabidjan.info\/news\/wp-content\/uploads\/2018\/12\/IMG_8379.jpg 2592w, https:\/\/www.lintelligentdabidjan.info\/news\/wp-content\/uploads\/2018\/12\/IMG_8379-300x200.jpg 300w, https:\/\/www.lintelligentdabidjan.info\/news\/wp-content\/uploads\/2018\/12\/IMG_8379-768x512.jpg 768w, https:\/\/www.lintelligentdabidjan.info\/news\/wp-content\/uploads\/2018\/12\/IMG_8379-1024x683.jpg 1024w, https:\/\/www.lintelligentdabidjan.info\/news\/wp-content\/uploads\/2018\/12\/IMG_8379-696x464.jpg 696w, https:\/\/www.lintelligentdabidjan.info\/news\/wp-content\/uploads\/2018\/12\/IMG_8379-1068x712.jpg 1068w, https:\/\/www.lintelligentdabidjan.info\/news\/wp-content\/uploads\/2018\/12\/IMG_8379-630x420.jpg 630w\" sizes=\"auto, (max-width: 2592px) 100vw, 2592px\" \/><\/a><br \/>\n<strong>II. Panels<\/strong><\/p>\n<p>Conform\u00e9ment au programme \u00e9tabli, plusieurs panels avec diff\u00e9rents th\u00e8mes se sont tenus pendant deux jours.<br \/>\n\u2022 Panel 1 : le climat des affaires (Attractivit\u00e9) et la probl\u00e9matique du d\u00e9veloppement des PME<br \/>\nen C\u00f4te d\u2019Ivoire<br \/>\nCette th\u00e9matique a pr\u00e9sent\u00e9e par le Directeur G\u00e9n\u00e9ral de l\u2019Agence CI-PME, la CGECI, la CCI,<br \/>\nl\u2019administration de l\u2019AGOA et le Docteur Behr de l\u2019Universit\u00e9 Baruch de New York intervenant en qualit\u00e9 d\u2019expert.<br \/>\n\u2022 Panel 2 : le financement des PME<br \/>\nCe panel a \u00e9t\u00e9 anim\u00e9 par le Pr\u00e9sident du Conseil d\u2019Administration de GT Bank qui a \u00e9voqu\u00e9 les d\u00e9fis de financement auxquels doivent faire face les entrepreneurs ivoiriens et aussi les exigences et attentes des banques ivoiriennes \u00e0 leur \u00e9gard.<br \/>\n\u2022 Panel 3 : les innovations technologiques et les PME ivoiriennes<br \/>\nCe th\u00e8me a \u00e9t\u00e9 pr\u00e9sent\u00e9 par ALDELANO, une entreprise am\u00e9ricaine dont l\u2019expertise et le savoir est reconnu mondialement. A sa suite, le Directeur G\u00e9n\u00e9ral du VITIB a pr\u00e9sent\u00e9 sa structure et a invit\u00e9 les entreprises am\u00e9ricaines \u00e0 s\u2019y implanter massivement.<br \/>\n<strong>III. Audiences<\/strong><br \/>\nEn marge des panels, Madame Kandia CAMARA et Monsieur Felix ANOBLE accompagn\u00e9s de Son Excellence Monsieur le D\u00e9l\u00e9gu\u00e9 G\u00e9n\u00e9ral ont \u00e9t\u00e9 re\u00e7us en audience, le jeudi 15 novembre 2018,<br \/>\nde 10 h \u00e0 10 h 30, par le Directeur Afrique de l\u2019OPIC, Monsieur Worku Gachu, et par la responsable des financements pour la C\u00f4te d\u2019Ivoire, Madame Kate Schweigart, au si\u00e8ge de ladite agence \u00e0 Washington. Les \u00e9changes ont port\u00e9 sur les projets prioritaires de la C\u00f4te d\u2019Ivoire qui<br \/>\npourraient b\u00e9n\u00e9ficier des financements de l\u2019OPIC notamment les universit\u00e9s d\u2019Adiak\u00e9 et d\u2019Odienn\u00e9.<br \/>\nPour rappel, relativement \u00e0 ces deux projets, les discussions ont d\u00e9j\u00e0 d\u00e9but\u00e9 entre le Gouvernement (Le Minist\u00e8re de l\u2019Economie et des Finances, le PDU, le cabinet PWC et la Primature) et la partie am\u00e9ricaine compos\u00e9e de Deutsche Bank, JV Driver et Amber Key.<br \/>\nSelon la responsable des financements pour la C\u00f4te d\u2019Ivoire de l\u2019OPIC, l\u2019\u00e9tude concr\u00e8te de ces deux grands projets est subordonn\u00e9e \u00e0 la signature d\u2019une lettre d\u2019engagement par la Deutsche<br \/>\nBank.<br \/>\n<strong>IV. Projets gouvernementaux int\u00e9ressant les milieux d\u2019affaires am\u00e9ricains<\/strong><br \/>\nApr\u00e8s cette visite au si\u00e8ge de l\u2019OPIC, Madame Kandia CAMARA, Monsieur Felix ANOBLE et le D\u00e9l\u00e9gu\u00e9 G\u00e9n\u00e9ral ont tenu diverses s\u00e9ances de travail avec des hommes d\u2019affaires et des officiels<br \/>\nam\u00e9ricains. Ces diff\u00e9rentes rencontres ont permis d\u2019\u00e9voquer les projets suivants :<br \/>\n&#8211; L\u2019\u00e9tablissement d\u2019une liaison a\u00e9rienne directe entre Abidjan et Washington ;<br \/>\n&#8211; La construction d\u2019un centre de maintenance d\u2019a\u00e9ronefs, de formation aux m\u00e9tiers de pilotes<br \/>\net de m\u00e9caniciens a\u00e9ronautiques \u00e0 Abidjan \u00e0 travers un \u00e9ventuel partenariat avec Air C\u00f4te<br \/>\nd\u2019Ivoire ;<br \/>\nLa construction d\u2019une universit\u00e9 ivoiro-am\u00e9ricaine \u00e0 San-P\u00e9dro par Baruch College de<br \/>\nNew York (Universit\u00e9 New yorkaise) sur le mod\u00e8le de l\u2019Universit\u00e9 Internationale de Grand-<br \/>\nBassam ;<br \/>\n&#8211; L\u2019octroi de bourses d\u2019\u00e9tudes \u00e0 des \u00e9tudiants Ivoiriens vivant aux USA ;<br \/>\n&#8211; La mise en r\u00e9seau de potentiels investisseurs am\u00e9ricains avec des Start-ups ou PME<br \/>\nivoiriennes pour faciliter leur acc\u00e8s des financements.<br \/>\n<strong>V. Perspectives<\/strong><br \/>\nSon Excellence Monsieur Inza Camara a cl\u00f4tur\u00e9 les travaux le 15 novembre en remerciant<br \/>\nvivement tous les participants notamment les autorit\u00e9s gouvernementales qui ont bien honor\u00e9 et rehauss\u00e9 par leur pr\u00e9sence cet atelier ainsi que les am\u00e9ricains qui sont venus de nombreux Etats, notamment de Los Angeles (Californie), d\u2019Atlanta-(G\u00e9orgie), de Raleigh (Caroline du Nord), de Philadelphie et de Pittsburg-(Pennsylvanie), de Wilmington (Delaware), de Newark et de Trenton (New Jersey), de Baltimore et de Silver Spring (Maryland), de New-York (New-York).<br \/>\nA l\u2019unanimit\u00e9, les participants ont souhait\u00e9 que cet atelier soit renouvel\u00e9 chaque ann\u00e9e mais dans la ville de New-York afin d\u2019atteindre un public plus large et de lui donner une plus grande<br \/>\nvisibilit\u00e9 parmi la communaut\u00e9 d\u2019affaires des Etats-Unis.<\/p>\n<p><strong><em>Service de Communication<\/em><\/strong><br \/>\n<strong><em> SPECI<\/em><\/strong><\/p>\n","protected":false},"excerpt":{"rendered":"<p>Le Service de Promotion Economique de la C\u00f4te d\u2019Ivoire aux Etats-Unis, au Canada et au Mexique (SPECI) a organis\u00e9 du 14 au 15 novembre 2018 \u00e0 Washington un atelier r\u00e9unissant les agences gouvernementales am\u00e9ricaines et ivoiriennes de promotion des PME sur le th\u00e8me ci-apr\u00e8s :<\/p>\n","protected":false},"author":2,"featured_media":10756,"comment_status":"closed","ping_status":"closed","sticky":false,"template":"","format":"standard","meta":{"_monsterinsights_skip_tracking":false,"_monsterinsights_sitenote_active":false,"_monsterinsights_sitenote_note":"","_monsterinsights_sitenote_category":0,"footnotes":""},"categories":[2,18],"tags":[],"class_list":["post-10755","post","type-post","status-publish","format-standard","has-post-thumbnail","hentry","category-featured","category-economie"],"_links":{"self":[{"href":"https:\/\/www.lintelligentdabidjan.info\/news\/wp-json\/wp\/v2\/posts\/10755","targetHints":{"allow":["GET"]}}],"collection":[{"href":"https:\/\/www.lintelligentdabidjan.info\/news\/wp-json\/wp\/v2\/posts"}],"about":[{"href":"https:\/\/www.lintelligentdabidjan.info\/news\/wp-json\/wp\/v2\/types\/post"}],"author":[{"embeddable":true,"href":"https:\/\/www.lintelligentdabidjan.info\/news\/wp-json\/wp\/v2\/users\/2"}],"replies":[{"embeddable":true,"href":"https:\/\/www.lintelligentdabidjan.info\/news\/wp-json\/wp\/v2\/comments?post=10755"}],"version-history":[{"count":3,"href":"https:\/\/www.lintelligentdabidjan.info\/news\/wp-json\/wp\/v2\/posts\/10755\/revisions"}],"predecessor-version":[{"id":10761,"href":"https:\/\/www.lintelligentdabidjan.info\/news\/wp-json\/wp\/v2\/posts\/10755\/revisions\/10761"}],"wp:featuredmedia":[{"embeddable":true,"href":"https:\/\/www.lintelligentdabidjan.info\/news\/wp-json\/wp\/v2\/media\/10756"}],"wp:attachment":[{"href":"https:\/\/www.lintelligentdabidjan.info\/news\/wp-json\/wp\/v2\/media?parent=10755"}],"wp:term":[{"taxonomy":"category","embeddable":true,"href":"https:\/\/www.lintelligentdabidjan.info\/news\/wp-json\/wp\/v2\/categories?post=10755"},{"taxonomy":"post_tag","embeddable":true,"href":"https:\/\/www.lintelligentdabidjan.info\/news\/wp-json\/wp\/v2\/tags?post=10755"}],"curies":[{"name":"wp","href":"https:\/\/api.w.org\/{rel}","templated":true}]}}