{"id":11258,"date":"2018-12-24T22:17:17","date_gmt":"2018-12-24T21:17:17","guid":{"rendered":"http:\/\/www.lintelligentdabidjan.info\/news\/?p=11258"},"modified":"2018-12-24T22:17:17","modified_gmt":"2018-12-24T21:17:17","slug":"amadou-kone-le-taux-daccident-a-progresse-du-fait-des-engins-de-deux-roues-cote-divoire","status":"publish","type":"post","link":"https:\/\/www.lintelligentdabidjan.info\/news\/amadou-kone-le-taux-daccident-a-progresse-du-fait-des-engins-de-deux-roues-cote-divoire\/","title":{"rendered":"Amadou Kon\u00e9: le taux d\u2019accident a progress\u00e9 du fait des engins de deux roues-Cote d\u2019Ivoire\u00a0"},"content":{"rendered":"<p>Le lancement de la caravane nationale de sensibilisation sur la s\u00e9curit\u00e9 routi\u00e8re a \u00e9t\u00e9 fait par le ministre des transports, Amadou Kon\u00e9, lundi 24 d\u00e9cembre 2018, \u00e0 Adjam\u00e9-Abidjan, en pr\u00e9sence du ministre de l\u2019\u00e9quipement et de l\u2019entretien routier Am\u00e9d\u00e9 Kouakou<!--more--><\/p>\n<p>Au cours de cette c\u00e9r\u00e9monie, le ministre des transports, Amadou Kon\u00e9 a indiqu\u00e9 : \u00ab Comme chaque ann\u00e9e \u00e0 la veille des f\u00eates de fin d\u2019ann\u00e9e, nous nous retrouvons pour faire un bilan de l\u2019ann\u00e9e \u00e9coul\u00e9e mais \u00e9galement pour voir les perspectives de l\u2019ann\u00e9e d\u2019apr\u00e8s. C\u2019est vrai que la route tue beaucoup mais je voudrais me r\u00e9jouir d\u2019une chose, c\u2019est qu\u2019avec les sensibilisations qui sont faites par les responsables syndicaux, par les directions r\u00e9gionales des transports, par l\u2019office national de la s\u00e9curit\u00e9 routi\u00e8re,nous avons constat\u00e9 une baisse du taux de gravit\u00e9 des accidents de la circulation dus aux v\u00e9hicules automobiles de 2017 \u00e0 2018 \u00bb.<\/p>\n<p>Il a ajout\u00e9 : \u00ab Le taux d\u2019accident en C\u00f4te-d\u2019Ivoire a progress\u00e9 du fait des engins de deux roues qui ont plus fait d\u2019accidents et tu\u00e9. En lan\u00e7ant cette caravane de sensibilisation, je voudrais m\u2019adresser \u00e0 tous nos fr\u00e8res et s\u0153urs de l\u2019int\u00e9rieur du pays qui utilisent abondamment les engins de deux et trois roues , leur lancer un appel \u00e0 la prudence et au respect des normes de s\u00e9curit\u00e9. Cela se fait aussi \u00e0 un moment que nous jugeons opportun d\u2019\u00e9changer sur les questions de s\u00e9curit\u00e9 sur nos routes. Parce qu\u2019un chauffeur qui meurt au travail est une mort de trop, un passager que vous transportez qui meurt sur la route, c\u2019est une famille, une communaut\u00e9 et le pays qui est endeuill\u00e9. Lorsque vous avez trop d\u2019accidents mortels, c\u2019est l\u2019\u00e9conomie du pays qui en prend un coup important. Sur l\u2019instruction du Pr\u00e9sident de la R\u00e9publique et du Premier ministre, nous profitons de cette occasion pour lancer le message du gouvernement. Le message \u00e0 la prudence sur nos routes, au respect du code de la route, de toutes les instructions qui sont donn\u00e9es quant \u00e0 l\u2019\u00e9tat des v\u00e9hicules. Nous voulons que vous et nous fassions des f\u00eates dans la joie et dans la gait\u00e9 en famille \u00bb.<\/p>\n<p>Amadou Kon\u00e9 s\u2019est dit heureux du travail abattu par le ministre Am\u00e9d\u00e9 Kouakou, celui de doter notre pays en infrastructure de qualit\u00e9 qui a permis et permettra de sauver des vies. Pour l\u2019ann\u00e9e 2019, il est pr\u00e9vu de profiler les pistes rurales \u00e0 hauteur de 40.000 km. Il a demand\u00e9 \u00ab aux gestionnaires d\u2019entreprise de transport de donner des v\u00e9hicules de bonne qualit\u00e9 aux chauffeurs, les moyens pour entretenir les v\u00e9hicules et d\u2019\u00eatre professionnels (&#8230;). Il faut cr\u00e9er des entreprises de transport et nous allons vous accompagner. Sans vous il n\u2019y a pas d\u2019\u00e9conomie ni de vie. Que 2019 soit une ann\u00e9e de s\u00e9curit\u00e9 routi\u00e8re, nous allons nous rencontrer r\u00e9guli\u00e8rement et rendre op\u00e9rationnelle la commission nationale de s\u00e9curit\u00e9 routi\u00e8re \u00bb.<\/p>\n<p>Il a signifi\u00e9 que les entreprises b\u00e9n\u00e9ficiaires des exon\u00e9rations sont les entreprises de transport agr\u00e9es. C&#8217;est pourquoi il a demand\u00e9 aux gestionnaires de transports de se constituer en entreprise.<\/p>\n<p>Ibrahim Diaby, Directeur g\u00e9n\u00e9ral du haut conseil du patronat des entreprises de transport routier en C\u00f4te d\u2019Ivoire , a mentionn\u00e9 : \u00ab Le transport routier est une profession extr\u00eamement difficile et qui procure la joie quand il le faut. Nous vous exprimons toute la renaissance de la grande famille des transporteurs pour ce sujet (\u2026). L\u2019un des facteurs des accidents demeure la route \u00bb.<\/p>\n<p>Farikou Soumahoro, Maire d\u2019Adjam\u00e9 a quant \u00e0 lui salu\u00e9 la tenue de cette rencontre dans sa commune. Il a indiqu\u00e9 que c\u2019\u00e9tait la premi\u00e8re personnalit\u00e9 du gouvernement \u00e0 fouler le sol de sa commune apr\u00e8s sa prise de fonction le jeudi 13 d\u00e9cembre 2018.<\/p>\n<p><strong><em>RK avec OD<\/em><\/strong><\/p>\n","protected":false},"excerpt":{"rendered":"<p>Le lancement de la caravane nationale de sensibilisation sur la s\u00e9curit\u00e9 routi\u00e8re a \u00e9t\u00e9 fait par le ministre des transports, Amadou Kon\u00e9, lundi 24 d\u00e9cembre 2018, \u00e0 Adjam\u00e9-Abidjan, en pr\u00e9sence du ministre de l\u2019\u00e9quipement et de l\u2019entretien routier Am\u00e9d\u00e9 Kouakou<\/p>\n","protected":false},"author":2,"featured_media":11259,"comment_status":"closed","ping_status":"closed","sticky":false,"template":"","format":"standard","meta":{"_monsterinsights_skip_tracking":false,"_monsterinsights_sitenote_active":false,"_monsterinsights_sitenote_note":"","_monsterinsights_sitenote_category":0,"footnotes":""},"categories":[2,18],"tags":[],"class_list":["post-11258","post","type-post","status-publish","format-standard","has-post-thumbnail","hentry","category-featured","category-economie"],"_links":{"self":[{"href":"https:\/\/www.lintelligentdabidjan.info\/news\/wp-json\/wp\/v2\/posts\/11258","targetHints":{"allow":["GET"]}}],"collection":[{"href":"https:\/\/www.lintelligentdabidjan.info\/news\/wp-json\/wp\/v2\/posts"}],"about":[{"href":"https:\/\/www.lintelligentdabidjan.info\/news\/wp-json\/wp\/v2\/types\/post"}],"author":[{"embeddable":true,"href":"https:\/\/www.lintelligentdabidjan.info\/news\/wp-json\/wp\/v2\/users\/2"}],"replies":[{"embeddable":true,"href":"https:\/\/www.lintelligentdabidjan.info\/news\/wp-json\/wp\/v2\/comments?post=11258"}],"version-history":[{"count":1,"href":"https:\/\/www.lintelligentdabidjan.info\/news\/wp-json\/wp\/v2\/posts\/11258\/revisions"}],"predecessor-version":[{"id":11260,"href":"https:\/\/www.lintelligentdabidjan.info\/news\/wp-json\/wp\/v2\/posts\/11258\/revisions\/11260"}],"wp:featuredmedia":[{"embeddable":true,"href":"https:\/\/www.lintelligentdabidjan.info\/news\/wp-json\/wp\/v2\/media\/11259"}],"wp:attachment":[{"href":"https:\/\/www.lintelligentdabidjan.info\/news\/wp-json\/wp\/v2\/media?parent=11258"}],"wp:term":[{"taxonomy":"category","embeddable":true,"href":"https:\/\/www.lintelligentdabidjan.info\/news\/wp-json\/wp\/v2\/categories?post=11258"},{"taxonomy":"post_tag","embeddable":true,"href":"https:\/\/www.lintelligentdabidjan.info\/news\/wp-json\/wp\/v2\/tags?post=11258"}],"curies":[{"name":"wp","href":"https:\/\/api.w.org\/{rel}","templated":true}]}}