{"id":11329,"date":"2018-12-27T23:57:56","date_gmt":"2018-12-27T22:57:56","guid":{"rendered":"http:\/\/www.lintelligentdabidjan.info\/news\/?p=11329"},"modified":"2018-12-27T23:57:56","modified_gmt":"2018-12-27T22:57:56","slug":"cote-divoire-zoumana-bakayoko-a-la-tete-des-professionnels-de-lengrais","status":"publish","type":"post","link":"https:\/\/www.lintelligentdabidjan.info\/news\/cote-divoire-zoumana-bakayoko-a-la-tete-des-professionnels-de-lengrais\/","title":{"rendered":"C\u00f4te d\u2019Ivoire: Zoumana\u00a0Bakayoko \u00e0 la t\u00eate des professionnels de l\u2019engrais"},"content":{"rendered":"<p>L\u2019association des professionnels des engrais de C\u00f4te d\u2019Ivoire (Apeci) est n\u00e9e le jeudi 27 d\u00e9cembre 2018, \u00e0 Abidjan, au si\u00e8ge de la Conf\u00e9d\u00e9ration des grandes entreprises de C\u00f4te d\u2019Ivoire.<!--more--><\/p>\n<p>L\u2019association ambitionne de promouvoir la fili\u00e8re engrais pour garantir la s\u00e9curit\u00e9 alimentaire dans le pays, sous la houlette de son premier pr\u00e9sident, Zoumana Bakayoko, Pdg de l\u2019entreprise Agro West Africa, \u00e9lu pour un mandat de deux ans renouvelables.<\/p>\n<p>Le Pr\u00e9sident \u00e9lu a justifi\u00e9 la cr\u00e9ation de l\u2019association en ces termes : \u00ab Il \u00e9tait temps que la C\u00f4te d\u2019Ivoire, compte tenu de l\u2019importance de l\u2019engrais dans la productivit\u00e9 agricole, puisse avoir son association des industriels de l\u2019engrais et des intrants. En termes de productivit\u00e9, en moyenne en C\u00f4te d\u2019Ivoire et dans la Sous-R\u00e9gion, on a 9Kg\/ha lorsqu\u2019au Maroc on a 50Kg\/ha et en Europe 130Kg\/ha. Cela montre que nous sommes en retard. \u00c7a sera donc notre principal objectif de rattraper ce retard, en travaillant \u00e9troitement avec les gouvernements sous les directives du Wafa, ( West Africa fertilizer association )Cela nous permettra de booster nos productions et assurer la s\u00e9curit\u00e9 alimentaire aux Ivoiriens \u00bb.<\/p>\n<p>Les assises des professionnels de cette branche de la fili\u00e8re agricole se sont d\u00e9roul\u00e9es en pr\u00e9sence de Moussa Diabat\u00e9, pr\u00e9sident du Wafa.<\/p>\n<p><strong><em>C.K, avec Sercom<\/em><\/strong><\/p>\n","protected":false},"excerpt":{"rendered":"<p>L\u2019association des professionnels des engrais de C\u00f4te d\u2019Ivoire (Apeci) est n\u00e9e le jeudi 27 d\u00e9cembre 2018, \u00e0 Abidjan, au si\u00e8ge de la Conf\u00e9d\u00e9ration des grandes entreprises de C\u00f4te d\u2019Ivoire.<\/p>\n","protected":false},"author":2,"featured_media":11330,"comment_status":"closed","ping_status":"closed","sticky":false,"template":"","format":"standard","meta":{"_monsterinsights_skip_tracking":false,"_monsterinsights_sitenote_active":false,"_monsterinsights_sitenote_note":"","_monsterinsights_sitenote_category":0,"footnotes":""},"categories":[18],"tags":[],"class_list":["post-11329","post","type-post","status-publish","format-standard","has-post-thumbnail","hentry","category-economie"],"_links":{"self":[{"href":"https:\/\/www.lintelligentdabidjan.info\/news\/wp-json\/wp\/v2\/posts\/11329","targetHints":{"allow":["GET"]}}],"collection":[{"href":"https:\/\/www.lintelligentdabidjan.info\/news\/wp-json\/wp\/v2\/posts"}],"about":[{"href":"https:\/\/www.lintelligentdabidjan.info\/news\/wp-json\/wp\/v2\/types\/post"}],"author":[{"embeddable":true,"href":"https:\/\/www.lintelligentdabidjan.info\/news\/wp-json\/wp\/v2\/users\/2"}],"replies":[{"embeddable":true,"href":"https:\/\/www.lintelligentdabidjan.info\/news\/wp-json\/wp\/v2\/comments?post=11329"}],"version-history":[{"count":1,"href":"https:\/\/www.lintelligentdabidjan.info\/news\/wp-json\/wp\/v2\/posts\/11329\/revisions"}],"predecessor-version":[{"id":11331,"href":"https:\/\/www.lintelligentdabidjan.info\/news\/wp-json\/wp\/v2\/posts\/11329\/revisions\/11331"}],"wp:featuredmedia":[{"embeddable":true,"href":"https:\/\/www.lintelligentdabidjan.info\/news\/wp-json\/wp\/v2\/media\/11330"}],"wp:attachment":[{"href":"https:\/\/www.lintelligentdabidjan.info\/news\/wp-json\/wp\/v2\/media?parent=11329"}],"wp:term":[{"taxonomy":"category","embeddable":true,"href":"https:\/\/www.lintelligentdabidjan.info\/news\/wp-json\/wp\/v2\/categories?post=11329"},{"taxonomy":"post_tag","embeddable":true,"href":"https:\/\/www.lintelligentdabidjan.info\/news\/wp-json\/wp\/v2\/tags?post=11329"}],"curies":[{"name":"wp","href":"https:\/\/api.w.org\/{rel}","templated":true}]}}