{"id":11505,"date":"2019-01-02T00:19:01","date_gmt":"2019-01-01T23:19:01","guid":{"rendered":"http:\/\/www.lintelligentdabidjan.info\/news\/?p=11505"},"modified":"2019-01-02T00:19:01","modified_gmt":"2019-01-01T23:19:01","slug":"cote-divoire-linstallation-de-ehouo-moulot-et-emmou-suspendue-bassamport-bouet-plateau","status":"publish","type":"post","link":"https:\/\/www.lintelligentdabidjan.info\/news\/cote-divoire-linstallation-de-ehouo-moulot-et-emmou-suspendue-bassamport-bouet-plateau\/","title":{"rendered":"C\u00f4te d\u2019Ivoire: l\u2019installation de Ehouo, Moulot et Emmou suspendue (Bassam,Port Bouet, Plateau)"},"content":{"rendered":"<p><strong>Les communes de Rubino, Booko, Plateau, Port Bouet et Bassam ne sont plus g\u00e9r\u00e9es par un maire \u00e9lu, \u00e0 compter du 1er janvier 2019.\u00a0<\/strong><\/p>\n<p>&nbsp;<\/p>\n<p><img loading=\"lazy\" decoding=\"async\" class=\"alignnone size-medium wp-image-11506\" src=\"http:\/\/www.lintelligentdabidjan.info\/news\/wp-content\/uploads\/2019\/01\/7B874911-5D8D-42FE-ABBB-633A228E7FB2-218x300.jpeg\" alt=\"7B874911-5D8D-42FE-ABBB-633A228E7FB2\" width=\"218\" height=\"300\" srcset=\"https:\/\/www.lintelligentdabidjan.info\/news\/wp-content\/uploads\/2019\/01\/7B874911-5D8D-42FE-ABBB-633A228E7FB2-218x300.jpeg 218w, https:\/\/www.lintelligentdabidjan.info\/news\/wp-content\/uploads\/2019\/01\/7B874911-5D8D-42FE-ABBB-633A228E7FB2-768x1057.jpeg 768w, https:\/\/www.lintelligentdabidjan.info\/news\/wp-content\/uploads\/2019\/01\/7B874911-5D8D-42FE-ABBB-633A228E7FB2-744x1024.jpeg 744w, https:\/\/www.lintelligentdabidjan.info\/news\/wp-content\/uploads\/2019\/01\/7B874911-5D8D-42FE-ABBB-633A228E7FB2-696x958.jpeg 696w, https:\/\/www.lintelligentdabidjan.info\/news\/wp-content\/uploads\/2019\/01\/7B874911-5D8D-42FE-ABBB-633A228E7FB2-1068x1470.jpeg 1068w, https:\/\/www.lintelligentdabidjan.info\/news\/wp-content\/uploads\/2019\/01\/7B874911-5D8D-42FE-ABBB-633A228E7FB2-305x420.jpeg 305w, https:\/\/www.lintelligentdabidjan.info\/news\/wp-content\/uploads\/2019\/01\/7B874911-5D8D-42FE-ABBB-633A228E7FB2.jpeg 1125w\" sizes=\"auto, (max-width: 218px) 100vw, 218px\" \/><\/p>\n<p>Ce sont les Pr\u00e9fetsdes des d\u00e9partements concern\u00e9s \u00a0qui mettront en place des d\u00e9l\u00e9gations sp\u00e9ciales, pour assurer les services publics, et r\u00e9pondre aux pr\u00e9occupations des populations, dans les domaines de comp\u00e9tences des mairies.<\/p>\n<div dir=\"ltr\">Hormis la commune du Plateau, dont l\u2019\u00e9lection avait \u00e9t\u00e9 valid\u00e9e, mais dont le maire \u00e9lu n\u2019a pas pu \u00eatre install\u00e9, suite \u00e0 une plainte du maire int\u00e9rimaire, et \u00e0 un incendie, les autres communes font l\u2019objet d\u2019un contentieux devant la chambre administrative de la cour supr\u00eame.<\/div>\n<div dir=\"ltr\"><\/div>\n<div dir=\"ltr\">Ci dessous le communiqu\u00e9 du minist\u00e8re de l\u2019int\u00e9rieur et de la s\u00e9curit\u00e9.<\/div>\n<div dir=\"ltr\"><\/div>\n<div dir=\"ltr\">C.K<\/div>\n<p>&nbsp;<\/p>\n","protected":false},"excerpt":{"rendered":"<p>Les communes de Rubino, Booko, Plateau, Port Bouet et Bassam ne sont plus g\u00e9r\u00e9es par un maire \u00e9lu, \u00e0 compter du 1er janvier 2019.\u00a0 &nbsp; Ce sont les Pr\u00e9fetsdes des d\u00e9partements concern\u00e9s \u00a0qui mettront en place des d\u00e9l\u00e9gations sp\u00e9ciales, pour assurer les services publics, et r\u00e9pondre aux pr\u00e9occupations des populations, dans les domaines de comp\u00e9tences [&hellip;]<\/p>\n","protected":false},"author":3,"featured_media":11507,"comment_status":"closed","ping_status":"closed","sticky":false,"template":"","format":"standard","meta":{"_monsterinsights_skip_tracking":false,"_monsterinsights_sitenote_active":false,"_monsterinsights_sitenote_note":"","_monsterinsights_sitenote_category":0,"footnotes":""},"categories":[2,17],"tags":[],"class_list":["post-11505","post","type-post","status-publish","format-standard","has-post-thumbnail","hentry","category-featured","category-politique"],"_links":{"self":[{"href":"https:\/\/www.lintelligentdabidjan.info\/news\/wp-json\/wp\/v2\/posts\/11505","targetHints":{"allow":["GET"]}}],"collection":[{"href":"https:\/\/www.lintelligentdabidjan.info\/news\/wp-json\/wp\/v2\/posts"}],"about":[{"href":"https:\/\/www.lintelligentdabidjan.info\/news\/wp-json\/wp\/v2\/types\/post"}],"author":[{"embeddable":true,"href":"https:\/\/www.lintelligentdabidjan.info\/news\/wp-json\/wp\/v2\/users\/3"}],"replies":[{"embeddable":true,"href":"https:\/\/www.lintelligentdabidjan.info\/news\/wp-json\/wp\/v2\/comments?post=11505"}],"version-history":[{"count":1,"href":"https:\/\/www.lintelligentdabidjan.info\/news\/wp-json\/wp\/v2\/posts\/11505\/revisions"}],"predecessor-version":[{"id":11508,"href":"https:\/\/www.lintelligentdabidjan.info\/news\/wp-json\/wp\/v2\/posts\/11505\/revisions\/11508"}],"wp:featuredmedia":[{"embeddable":true,"href":"https:\/\/www.lintelligentdabidjan.info\/news\/wp-json\/wp\/v2\/media\/11507"}],"wp:attachment":[{"href":"https:\/\/www.lintelligentdabidjan.info\/news\/wp-json\/wp\/v2\/media?parent=11505"}],"wp:term":[{"taxonomy":"category","embeddable":true,"href":"https:\/\/www.lintelligentdabidjan.info\/news\/wp-json\/wp\/v2\/categories?post=11505"},{"taxonomy":"post_tag","embeddable":true,"href":"https:\/\/www.lintelligentdabidjan.info\/news\/wp-json\/wp\/v2\/tags?post=11505"}],"curies":[{"name":"wp","href":"https:\/\/api.w.org\/{rel}","templated":true}]}}