{"id":11509,"date":"2019-01-02T00:49:29","date_gmt":"2019-01-01T23:49:29","guid":{"rendered":"http:\/\/www.lintelligentdabidjan.info\/news\/?p=11509"},"modified":"2019-01-02T00:49:29","modified_gmt":"2019-01-01T23:49:29","slug":"cote-divoire-delegation-speciale-dans-5-communes-ce-que-dit-la-loi","status":"publish","type":"post","link":"https:\/\/www.lintelligentdabidjan.info\/news\/cote-divoire-delegation-speciale-dans-5-communes-ce-que-dit-la-loi\/","title":{"rendered":"C\u00f4te d\u2019Ivoire, d\u00e9l\u00e9gation sp\u00e9ciale dans 5 communes : ce que dit la loi"},"content":{"rendered":"<p><strong><span class=\"s10\"><span class=\"bumpedFont15\">La mise en place d\u2019une d\u00e9l\u00e9gation sp\u00e9ciale pour g\u00e9rer une collectivit\u00e9 locale est encadr\u00e9e par la loi, notamment la <\/span><\/span>Loi n\u00b02012-1128 du 13 d\u00e9cembre 2012 portant organisation des collectivit\u00e9s territoriales. Que dit cette loi, notamment les articles relatifs \u00e0 la d\u00e9l\u00e9gation sp\u00e9ciale ? Extraits.\u00a0<\/strong><\/p>\n<p class=\"s27\"><span class=\"s10\"><span class=\"bumpedFont15\">\u00ab Article 43<\/span><\/span><span class=\"s10\"><span class=\"bumpedFont15\">\u00a0: Lorsqu&#8217;un Conseil a \u00e9t\u00e9 dissout ou suspendu ou que son \u00e9lection n&#8217;a pas eu lieu ou a \u00e9t\u00e9 annul\u00e9e, une d\u00e9l\u00e9gation sp\u00e9ciale est nomm\u00e9e par l&#8217;autorit\u00e9 de tutelle dans les quinze jours qui suivent l&#8217;annulation, la dissolution, la suspension ou la constatation de\u00a0<\/span><\/span><span class=\"s10\"><span class=\"bumpedFont15\">l&#8217;impossibilit\u00e9 de l&#8217;\u00e9lection.\u00a0<\/span><\/span><\/p>\n<p class=\"s27\">\n<p class=\"s27\"><span class=\"s10\"><span class=\"bumpedFont15\">Les membres d&#8217;un Conseil dissout ne peuvent \u00eatre, \u00e0 nouveau, candidats aux \u00e9lections partielles locales qui suivent imm\u00e9diatement la dissolution.\u00a0<\/span><\/span><\/p>\n<p class=\"s27\">\n<p class=\"s27\"><span class=\"s10\"><span class=\"bumpedFont15\">Quant aux membres dont la d\u00e9mission a entra\u00een\u00e9 la dissolution du Conseil, ils ne peuvent \u00eatre candidats aux \u00e9lections g\u00e9n\u00e9rales locales qui suivent imm\u00e9diatement cette sanction.\u00a0<\/span><\/span><\/p>\n<p class=\"s27\">\n<p class=\"s44\"><span class=\"s10\"><span class=\"bumpedFont15\">Cette disposition ne s&#8217;applique pas aux cas de fusion ou de scission.\u00a0<\/span><\/span><\/p>\n<p class=\"s44\">\n<p class=\"s44\"><span class=\"s10\"><span class=\"bumpedFont15\">Article 44<\/span><\/span><span class=\"s10\"><span class=\"bumpedFont15\">\u00a0: La d\u00e9l\u00e9gation sp\u00e9ciale, dont l&#8217;activit\u00e9 s&#8217;exerce sous le contr\u00f4le du Pr\u00e9fet, se<\/span><\/span><span class=\"s10\"><span class=\"bumpedFont15\">\u00a0<\/span><\/span><span class=\"s10\"><span class=\"bumpedFont15\">compose de quatre membres au moins et de sept au plus. L&#8217;autorit\u00e9 de tutelle en d\u00e9signe un Pr\u00e9sident et un Vice-Pr\u00e9sident.\u00a0<\/span><\/span><\/p>\n<p class=\"s44\">\n<p class=\"s47\"><span class=\"s10\"><span class=\"bumpedFont15\">Les pouvoirs de la d\u00e9l\u00e9gation sp\u00e9ciale sont limit\u00e9s aux actes de gestion courante.\u00a0<\/span><\/span><\/p>\n<p class=\"s47\">\n<p class=\"s44\"><span class=\"s10\"><span class=\"bumpedFont15\">En aucun cas, la d\u00e9l\u00e9gation sp\u00e9ciale ne peut engager les finances de la collec<\/span><\/span><span class=\"s10\"><span class=\"bumpedFont15\">tivit\u00e9 territo<\/span><\/span><span class=\"s10\"><span class=\"bumpedFont15\">riale au-del\u00e0 des ressources disponibles au budget de l&#8217;exercice en cours.\u00a0<\/span><\/span><\/p>\n<p class=\"s44\">\n<p class=\"s44\"><span class=\"s10\"><span class=\"bumpedFont15\">Si la collectivit\u00e9 territoriale ne dispose pas de budget au m<\/span><\/span><span class=\"s10\"><span class=\"bumpedFont15\">oment de la dissolution du Con<\/span><\/span><span class=\"s10\"><span class=\"bumpedFont15\">seil,<\/span><\/span><span class=\"s48\"><span class=\"bumpedFont20\">\u00a0<\/span><\/span><span class=\"s10\"><span class=\"bumpedFont15\">l&#8217;autorit\u00e9<\/span><\/span><span class=\"s48\"><span class=\"bumpedFont20\">\u00a0<\/span><\/span><span class=\"s10\"><span class=\"bumpedFont15\">de<\/span><\/span><span class=\"s48\"><span class=\"bumpedFont20\">\u00a0<\/span><\/span><span class=\"s10\"><span class=\"bumpedFont15\">tutelle<\/span><\/span><span class=\"s48\"><span class=\"bumpedFont20\">\u00a0<\/span><\/span><span class=\"s10\"><span class=\"bumpedFont15\">reconduit<\/span><\/span><span class=\"s48\"><span class=\"bumpedFont20\">\u00a0<\/span><\/span><span class=\"s10\"><span class=\"bumpedFont15\">le<\/span><\/span><span class=\"s48\"><span class=\"bumpedFont20\">\u00a0<\/span><\/span><span class=\"s10\"><span class=\"bumpedFont15\">budget<\/span><\/span><span class=\"s48\"><span class=\"bumpedFont20\">\u00a0<\/span><\/span><span class=\"s10\"><span class=\"bumpedFont15\">de<\/span><\/span><span class=\"s10\"><span class=\"bumpedFont15\">l&#8217;exercice<\/span><\/span><span class=\"s48\"><span class=\"bumpedFont20\">\u00a0<\/span><\/span><span class=\"s10\"><span class=\"bumpedFont15\">\u00e9coul\u00e9<\/span><\/span><span class=\"s48\"><span class=\"bumpedFont20\">\u00a0<\/span><\/span><span class=\"s10\"><span class=\"bumpedFont15\">par<\/span><\/span><span class=\"s48\"><span class=\"bumpedFont20\">\u00a0<\/span><\/span><span class=\"s10\"><span class=\"bumpedFont15\">douzi\u00e8me<\/span><\/span><span class=\"s48\"><span class=\"bumpedFont20\">\u00a0<\/span><\/span><span class=\"s10\"><span class=\"bumpedFont15\">provisoire.\u00a0<\/span><\/span><\/p>\n<p class=\"s44\">\n<p class=\"s44\"><span class=\"s10\"><span class=\"bumpedFont15\">Les membres de la d\u00e9l\u00e9gation sp\u00e9ciale per\u00e7oivent les i<\/span><\/span><span class=\"s10\"><span class=\"bumpedFont15\">ndemnit\u00e9s et avantages des Con<\/span><\/span><span class=\"s10\"><span class=\"bumpedFont15\">seillers de la collectivit\u00e9 territoriale.\u00a0<\/span><\/span><\/p>\n<p class=\"s44\">\n<p class=\"s49\"><span class=\"s10\"><span class=\"bumpedFont15\">Article 45<\/span><\/span><span class=\"s10\"><span class=\"bumpedFont15\">\u00a0: Il est proc\u00e9d\u00e9 au renouvellement du Conseil dans les trois mois \u00e0 compter de la nomination de la d\u00e9l\u00e9gation sp\u00e9ciale.\u00a0<\/span><\/span><\/p>\n<p class=\"s49\">\n<p class=\"s44\"><span class=\"s10\"><span class=\"bumpedFont15\">Si la dissolution est intervenue moins d&#8217;un an avant le\u00a0<\/span><\/span><span class=\"s10\"><span class=\"bumpedFont15\">renouvellement g\u00e9n\u00e9ral des Con<\/span><\/span><span class=\"s10\"><span class=\"bumpedFont15\">seils des collectivit\u00e9s territoriales, la d\u00e9l\u00e9gation sp\u00e9ciale est maintenue en fonction jusqu&#8217;au prochain renouvellement g\u00e9n\u00e9ral.\u00a0<\/span><\/span><\/p>\n<p class=\"s44\">\n<p class=\"s44\"><span class=\"s10\"><span class=\"bumpedFont15\">Si le temps restant \u00e0 courir apr\u00e8s la dissolution du conseil exc\u00e8de un an, le d\u00e9lai vis\u00e9 au premier alin\u00e9a du pr\u00e9sent article peut \u00eatre prorog\u00e9 par l&#8217;autorit\u00e9 de tutelle pour une p\u00e9riode de trois mois renouvelable une fois.\u00a0<\/span><\/span><\/p>\n<p class=\"s44\">\n<p class=\"s5\"><span class=\"s10\"><span class=\"bumpedFont15\">Article 46<\/span><\/span><span class=\"s10\"><span class=\"bumpedFont15\">\u00a0: Si le Conseil ne peut \u00eatre renouvel\u00e9\u00a0<\/span><\/span><span class=\"s10\"><span class=\"bumpedFont15\">\u00e0\u00a0<\/span><\/span><span class=\"s10\"><span class=\"bumpedFont15\">l&#8217;expiration des prorogations ci-dessus indiqu\u00e9es, la collectivit\u00e9 territoriale est plac\u00e9e sous l&#8217;administ<\/span><\/span><span class=\"s10\"><span class=\"bumpedFont15\">ration directe de l&#8217;Etat par d\u00e9<\/span><\/span><span class=\"s10\"><span class=\"bumpedFont15\">cret pris en Conseil des Ministres jusqu&#8217;\u00e0 l&#8217;organisation de nouvelles \u00e9lections.<\/span><\/span><\/p>\n<p class=\"s5\">\n<p class=\"s5\"><span class=\"s10\"><span class=\"bumpedFont15\">A cet effet, il est nomm\u00e9, par l&#8217;autorit\u00e9 de tutelle, une<\/span><\/span><span class=\"s10\"><span class=\"bumpedFont15\">\u00a0commission sp\u00e9ciale de dix per<\/span><\/span><span class=\"s10\"><span class=\"bumpedFont15\">sonnes pr\u00e9sid\u00e9e par le Pr\u00e9fet. Le bureau de la commission, dont les membres sont issus<\/span><\/span><span class=\"s10\"><span class=\"bumpedFont15\">\u00a0<\/span><\/span><span class=\"s10\"><span class=\"bumpedFont15\">de la commission sp\u00e9ciale et d\u00e9sign\u00e9s par l&#8217;autorit\u00e9 de tutelle, comprend un Pr\u00e9sident et<\/span><\/span><span class=\"s10\"><span class=\"bumpedFont15\">\u00a0<\/span><\/span><span class=\"s10\"><span class=\"bumpedFont15\">trois Vic<\/span><\/span><span class=\"s10\"><span class=\"bumpedFont15\">e-<\/span><\/span><span class=\"s10\"><span class=\"bumpedFont15\">Pr\u00e9sidents.\u00a0<\/span><\/span><\/p>\n<p class=\"s5\">\n<p class=\"s43\"><span class=\"s10\"><span class=\"bumpedFont15\">En cette qualit\u00e9, les membres du bureau de la commission sp\u00e9ciale jouent le r\u00f4le des<\/span><\/span><span class=\"s10\"><span class=\"bumpedFont15\">\u00a0<\/span><\/span><span class=\"s10\"><span class=\"bumpedFont15\">membres du Bureau du Conseil ou de la Municipalit\u00e9 et\u00a0<\/span><\/span><span class=\"s10\"><span class=\"bumpedFont15\">b\u00e9n\u00e9ficient des indemnit\u00e9s atta<\/span><\/span><span class=\"s10\"><span class=\"bumpedFont15\">ch\u00e9es\u00a0<\/span><\/span><span class=\"s10\"><span class=\"bumpedFont15\">\u00e0\u00a0<\/span><\/span><span class=\"s10\"><span class=\"bumpedFont15\">l&#8217;exercice de ces fonctions.\u00a0<\/span><\/span><\/p>\n<p class=\"s43\">\n<p class=\"s43\"><span class=\"s10\"><span class=\"bumpedFont15\">La commission sp\u00e9ciale assume les attributions du Conseil de la collectivit\u00e9 territoriale.\u00a0<\/span><\/span><\/p>\n<p class=\"s43\">\n<p class=\"s43\"><span class=\"s10\"><span class=\"bumpedFont15\">Article 47<\/span><\/span><span class=\"s10\"><span class=\"bumpedFont15\">\u00a0: Les fonctions de la d\u00e9l\u00e9gation sp\u00e9ciale ou de la commission sp\u00e9ciale expirent<\/span><\/span><span class=\"s10\"><span class=\"bumpedFont15\">\u00a0<\/span><\/span><span class=\"s10\"><span class=\"bumpedFont15\">d\u00e8s que le Conseil de la collectivit\u00e9 territoriale est reconstitu\u00e9. \u00bb.\u00a0<\/span><\/span><\/p>\n","protected":false},"excerpt":{"rendered":"<p>La mise en place d\u2019une d\u00e9l\u00e9gation sp\u00e9ciale pour g\u00e9rer une collectivit\u00e9 locale est encadr\u00e9e par la loi, notamment la Loi n\u00b02012-1128 du 13 d\u00e9cembre 2012 portant organisation des collectivit\u00e9s territoriales. Que dit cette loi, notamment les articles relatifs \u00e0 la d\u00e9l\u00e9gation sp\u00e9ciale ? Extraits.\u00a0 \u00ab Article 43\u00a0: Lorsqu&#8217;un Conseil a \u00e9t\u00e9 dissout ou suspendu ou [&hellip;]<\/p>\n","protected":false},"author":3,"featured_media":11510,"comment_status":"closed","ping_status":"closed","sticky":false,"template":"","format":"standard","meta":{"_monsterinsights_skip_tracking":false,"_monsterinsights_sitenote_active":false,"_monsterinsights_sitenote_note":"","_monsterinsights_sitenote_category":0,"footnotes":""},"categories":[2,17],"tags":[468],"class_list":["post-11509","post","type-post","status-publish","format-standard","has-post-thumbnail","hentry","category-featured","category-politique","tag-bassam-plateau-port-bouet-ehouo-emmou-moulot"],"_links":{"self":[{"href":"https:\/\/www.lintelligentdabidjan.info\/news\/wp-json\/wp\/v2\/posts\/11509","targetHints":{"allow":["GET"]}}],"collection":[{"href":"https:\/\/www.lintelligentdabidjan.info\/news\/wp-json\/wp\/v2\/posts"}],"about":[{"href":"https:\/\/www.lintelligentdabidjan.info\/news\/wp-json\/wp\/v2\/types\/post"}],"author":[{"embeddable":true,"href":"https:\/\/www.lintelligentdabidjan.info\/news\/wp-json\/wp\/v2\/users\/3"}],"replies":[{"embeddable":true,"href":"https:\/\/www.lintelligentdabidjan.info\/news\/wp-json\/wp\/v2\/comments?post=11509"}],"version-history":[{"count":1,"href":"https:\/\/www.lintelligentdabidjan.info\/news\/wp-json\/wp\/v2\/posts\/11509\/revisions"}],"predecessor-version":[{"id":11511,"href":"https:\/\/www.lintelligentdabidjan.info\/news\/wp-json\/wp\/v2\/posts\/11509\/revisions\/11511"}],"wp:featuredmedia":[{"embeddable":true,"href":"https:\/\/www.lintelligentdabidjan.info\/news\/wp-json\/wp\/v2\/media\/11510"}],"wp:attachment":[{"href":"https:\/\/www.lintelligentdabidjan.info\/news\/wp-json\/wp\/v2\/media?parent=11509"}],"wp:term":[{"taxonomy":"category","embeddable":true,"href":"https:\/\/www.lintelligentdabidjan.info\/news\/wp-json\/wp\/v2\/categories?post=11509"},{"taxonomy":"post_tag","embeddable":true,"href":"https:\/\/www.lintelligentdabidjan.info\/news\/wp-json\/wp\/v2\/tags?post=11509"}],"curies":[{"name":"wp","href":"https:\/\/api.w.org\/{rel}","templated":true}]}}