{"id":11516,"date":"2019-01-02T14:20:10","date_gmt":"2019-01-02T13:20:10","guid":{"rendered":"http:\/\/www.lintelligentdabidjan.info\/news\/?p=11516"},"modified":"2019-01-02T14:20:10","modified_gmt":"2019-01-02T13:20:10","slug":"cote-divoire-delegation-speciale-moulot-appelle-a-la-raison-le-maire-sortant-bassam","status":"publish","type":"post","link":"https:\/\/www.lintelligentdabidjan.info\/news\/cote-divoire-delegation-speciale-moulot-appelle-a-la-raison-le-maire-sortant-bassam\/","title":{"rendered":"C\u00f4te d\u2019Ivoire, d\u00e9l\u00e9gation sp\u00e9ciale: Moulot appelle \u00e0 la raison le Maire sortant-Bassam"},"content":{"rendered":"<p><strong>Le candidat d\u00e9clar\u00e9 vainqueur \u00e0 l&#8217;\u00e9lection municipale partielle \u00e0 Grand-Bassam Jean Louis Moulot a r\u00e9agi suite \u00e0 la d\u00e9cision prise par le minist\u00e8re de l&#8217;Int\u00e9rieur et de la S\u00e9curit\u00e9 de mettre en place des d\u00e9l\u00e9gations sp\u00e9ciales pour assurer la continuit\u00e9 du service public dans une d\u00e9claration dont nous avons re\u00e7u copie. \u00a0<\/strong><\/p>\n<div>\u00ab Concitoyens, Concitoyennes,<\/div>\n<div>Bassamois, Bassamoises,<\/div>\n<div><\/div>\n<div>Comme vous tous j&#8217;ai \u00e9t\u00e9 inform\u00e9 de la d\u00e9cision du Minist\u00e8re de l&#8217;int\u00e9rieur et de la s\u00e9curit\u00e9, de mettre en place sous l&#8217;autorit\u00e9 du Pr\u00e9fet, une d\u00e9l\u00e9gation sp\u00e9ciale charg\u00e9e d&#8217;assurer la continuit\u00e9 du service public communal notamment \u00e0 Grand Bassam \u00e0 partir du 1er janvier 2019.<\/div>\n<div><\/div>\n<div>Respectueux des institutions de notre pays, je prends acte de cette decision \u00e9manant de l&#8217;autorit\u00e9 de tutelle des collectivit\u00e9s mais regrette que Grand Bassam, ville historique, soit contrainte de passer par cette situation exceptionnelle.<\/div>\n<div><\/div>\n<div>En effet, conform\u00e9ment \u00e0 cette d\u00e9cision, je voudrais rappeler qu&#8217;au 31d\u00e9cembre dernier et \u00e0 la suite de deux scrutins municipaux, le Maire sortant ayant clairement refus\u00e9 d&#8217;entendre aussi bien la voix des urnes que celle de la raison en d\u00e9posant une \u00e9ni\u00e8me requ\u00eate en annulation de l&#8217;\u00e9lection du 16 d\u00e9cembre dernier; le Conseil Municipal n&#8217;a pu \u00eatre renouvel\u00e9.<\/div>\n<div><\/div>\n<div>En attendant que la Chambre administrative\u00a0 de la Cour supr\u00eame se prononce sur cette \u00e9ni\u00e8me\u00a0 requ\u00eate du candidat du PDCI, en confirmant, nous l&#8217;esp\u00e9rons, le verdict des urnes, cette d\u00e9cision permettra de mettre un terme \u00e0 cette situation d&#8217;extr\u00eame embarras que conna\u00eet notre commune depuis quelques mois et contribuera, je le souhaite, vivement de relancer les activit\u00e9s \u00e9conomiques.<\/div>\n<div><\/div>\n<div>Je r\u00e9it\u00e8re mon appel \u00e0 la raison au Maire sortant, et appelle ses partisans \u00e0 privil\u00e9gier notre int\u00e9r\u00eat commun: Grand Bassam \u00bb.<\/div>\n<div><\/div>\n<div>Jean-Louis Moulot<\/div>\n","protected":false},"excerpt":{"rendered":"<p>Le candidat d\u00e9clar\u00e9 vainqueur \u00e0 l&#8217;\u00e9lection municipale partielle \u00e0 Grand-Bassam Jean Louis Moulot a r\u00e9agi suite \u00e0 la d\u00e9cision prise par le minist\u00e8re de l&#8217;Int\u00e9rieur et de la S\u00e9curit\u00e9 de mettre en place des d\u00e9l\u00e9gations sp\u00e9ciales pour assurer la continuit\u00e9 du service public dans une d\u00e9claration dont nous avons re\u00e7u copie. \u00a0 \u00ab Concitoyens, Concitoyennes, [&hellip;]<\/p>\n","protected":false},"author":3,"featured_media":11256,"comment_status":"closed","ping_status":"closed","sticky":false,"template":"","format":"standard","meta":{"_monsterinsights_skip_tracking":false,"_monsterinsights_sitenote_active":false,"_monsterinsights_sitenote_note":"","_monsterinsights_sitenote_category":0,"footnotes":""},"categories":[2,17],"tags":[468],"class_list":["post-11516","post","type-post","status-publish","format-standard","has-post-thumbnail","hentry","category-featured","category-politique","tag-bassam-plateau-port-bouet-ehouo-emmou-moulot"],"_links":{"self":[{"href":"https:\/\/www.lintelligentdabidjan.info\/news\/wp-json\/wp\/v2\/posts\/11516","targetHints":{"allow":["GET"]}}],"collection":[{"href":"https:\/\/www.lintelligentdabidjan.info\/news\/wp-json\/wp\/v2\/posts"}],"about":[{"href":"https:\/\/www.lintelligentdabidjan.info\/news\/wp-json\/wp\/v2\/types\/post"}],"author":[{"embeddable":true,"href":"https:\/\/www.lintelligentdabidjan.info\/news\/wp-json\/wp\/v2\/users\/3"}],"replies":[{"embeddable":true,"href":"https:\/\/www.lintelligentdabidjan.info\/news\/wp-json\/wp\/v2\/comments?post=11516"}],"version-history":[{"count":1,"href":"https:\/\/www.lintelligentdabidjan.info\/news\/wp-json\/wp\/v2\/posts\/11516\/revisions"}],"predecessor-version":[{"id":11517,"href":"https:\/\/www.lintelligentdabidjan.info\/news\/wp-json\/wp\/v2\/posts\/11516\/revisions\/11517"}],"wp:featuredmedia":[{"embeddable":true,"href":"https:\/\/www.lintelligentdabidjan.info\/news\/wp-json\/wp\/v2\/media\/11256"}],"wp:attachment":[{"href":"https:\/\/www.lintelligentdabidjan.info\/news\/wp-json\/wp\/v2\/media?parent=11516"}],"wp:term":[{"taxonomy":"category","embeddable":true,"href":"https:\/\/www.lintelligentdabidjan.info\/news\/wp-json\/wp\/v2\/categories?post=11516"},{"taxonomy":"post_tag","embeddable":true,"href":"https:\/\/www.lintelligentdabidjan.info\/news\/wp-json\/wp\/v2\/tags?post=11516"}],"curies":[{"name":"wp","href":"https:\/\/api.w.org\/{rel}","templated":true}]}}