{"id":1158,"date":"2016-10-29T09:17:32","date_gmt":"2016-10-29T07:17:32","guid":{"rendered":"http:\/\/www.lintelligentdabidjan.info\/news\/?p=1158"},"modified":"2016-10-29T09:17:32","modified_gmt":"2016-10-29T07:17:32","slug":"coordination-jeunesse-unie-pour-la-cote-divoire-nouvelle-bamba-mevanli-investi-a-bouake","status":"publish","type":"post","link":"https:\/\/www.lintelligentdabidjan.info\/news\/coordination-jeunesse-unie-pour-la-cote-divoire-nouvelle-bamba-mevanli-investi-a-bouake\/","title":{"rendered":"Coordination Jeunesse Unie pour la C\u00f4te d\u2019Ivoire nouvelle : Bamba Mevanli investi \u00e0 Bouak\u00e9"},"content":{"rendered":"<p>Le Pr\u00e9sident de la Jeunesse Unie pour la Nouvelle C\u00f4te d\u2019Ivoire, Ciss\u00e9 Abdul Kader a investi Bamba Mevanli  nouveau coordinateur dudit mouvement en pr\u00e9sence de Souma\u00efla Sylla repr\u00e9sentant le parrain Bema Fofona d\u00e9put\u00e9 de Bouak\u00e9.  C\u2019\u00e9tait le mercredi 26 octobre 2016, au foyer des jeunes de Koko \u00e0 Bouak\u00e9.<!--more--><\/p>\n<p>Le repr\u00e9sentant du parrain a, dans son allocution, remerci\u00e9 Ciss\u00e9 Abdul Kader d\u2019avoir port\u00e9 son choix sur le d\u00e9put\u00e9 Bema Fofana pour parrainer cette c\u00e9r\u00e9monie. \u00ab Il existe plusieurs cadres \u00e0 Bouak\u00e9. Votre choix s\u2019est port\u00e9 sur l\u2019honorable Bema Fofana pour parrainer cette c\u00e9r\u00e9monie. Il m\u2019a charg\u00e9 de vous dire qu\u2019il sera toujours disponible \u00e0 vous accompagner dans vos diff\u00e9rentes activit\u00e9s \u00bb, a indiqu\u00e9 le repr\u00e9sentant du parrain. Selon lui, son excellence Alassane Ouattara Pr\u00e9sident de la R\u00e9publique de C\u00f4te d\u2019Ivoire est en train d\u2019\u00e9crire les plus pages de l\u2019histoire de la C\u00f4te d\u2019Ivoire. \u00ab Nous devons soutenir les actions du Pr\u00e9sident de la R\u00e9publique. Depuis sa r\u00e9\u00e9lection \u00e0 la t\u00eate de la C\u00f4te d\u2019Ivoire, notre pays est bien vu dans le monde entier. Notre \u00e9conomie se porte bien \u00bb a-t-il dit. Et d\u2019ajouter que : \u00ab Nous devons soutenir ce grand homme, en le d\u00e9montrant par un \u2018\u2019oui\u2019\u2019 massif au r\u00e9f\u00e9rendum qui aura lieu le 30 octobre prochain \u00bb. Ciss\u00e9 Abdul Kader a abond\u00e9 dans le m\u00eame sens que son pr\u00e9d\u00e9cesseur. Pour lui, la nouvelle Constitution que le Pr\u00e9sident de la R\u00e9publique veut mettre en place est gage de stabilit\u00e9 et de paix. \u00ab Nous devons sortir massivement pour montrer au monde entier que nous soutenons cette Constitution. Ne vous fiez pas aux dires de ceux qui disent que cette constitution n\u2019est pas  meilleure. Faisons confiance au Pr\u00e9sident de la R\u00e9publique. Il sait ce qui est bon pour la C\u00f4te d\u2019Ivoire \u00bb a-t-il soulign\u00e9<\/p>\n<p>G.K<\/p>\n","protected":false},"excerpt":{"rendered":"<p>Le Pr\u00e9sident de la Jeunesse Unie pour la Nouvelle C\u00f4te d\u2019Ivoire, Ciss\u00e9 Abdul Kader a investi Bamba Mevanli nouveau coordinateur dudit mouvement en pr\u00e9sence de Souma\u00efla Sylla repr\u00e9sentant le parrain Bema Fofona d\u00e9put\u00e9 de Bouak\u00e9. C\u2019\u00e9tait le mercredi 26 octobre 2016, au foyer des jeunes de Koko \u00e0 Bouak\u00e9.<\/p>\n","protected":false},"author":2,"featured_media":0,"comment_status":"closed","ping_status":"closed","sticky":false,"template":"","format":"standard","meta":{"footnotes":""},"categories":[17],"tags":[],"class_list":["post-1158","post","type-post","status-publish","format-standard","hentry","category-politique"],"_links":{"self":[{"href":"https:\/\/www.lintelligentdabidjan.info\/news\/wp-json\/wp\/v2\/posts\/1158","targetHints":{"allow":["GET"]}}],"collection":[{"href":"https:\/\/www.lintelligentdabidjan.info\/news\/wp-json\/wp\/v2\/posts"}],"about":[{"href":"https:\/\/www.lintelligentdabidjan.info\/news\/wp-json\/wp\/v2\/types\/post"}],"author":[{"embeddable":true,"href":"https:\/\/www.lintelligentdabidjan.info\/news\/wp-json\/wp\/v2\/users\/2"}],"replies":[{"embeddable":true,"href":"https:\/\/www.lintelligentdabidjan.info\/news\/wp-json\/wp\/v2\/comments?post=1158"}],"version-history":[{"count":1,"href":"https:\/\/www.lintelligentdabidjan.info\/news\/wp-json\/wp\/v2\/posts\/1158\/revisions"}],"predecessor-version":[{"id":1159,"href":"https:\/\/www.lintelligentdabidjan.info\/news\/wp-json\/wp\/v2\/posts\/1158\/revisions\/1159"}],"wp:attachment":[{"href":"https:\/\/www.lintelligentdabidjan.info\/news\/wp-json\/wp\/v2\/media?parent=1158"}],"wp:term":[{"taxonomy":"category","embeddable":true,"href":"https:\/\/www.lintelligentdabidjan.info\/news\/wp-json\/wp\/v2\/categories?post=1158"},{"taxonomy":"post_tag","embeddable":true,"href":"https:\/\/www.lintelligentdabidjan.info\/news\/wp-json\/wp\/v2\/tags?post=1158"}],"curies":[{"name":"wp","href":"https:\/\/api.w.org\/{rel}","templated":true}]}}