{"id":11618,"date":"2019-01-05T19:11:30","date_gmt":"2019-01-05T18:11:30","guid":{"rendered":"http:\/\/www.lintelligentdabidjan.info\/news\/?p=11618"},"modified":"2019-01-05T19:11:30","modified_gmt":"2019-01-05T18:11:30","slug":"cote-divoire-le-ministre-amadou-kone-annonce-60-milliards-de-fcfa-pour-bouake","status":"publish","type":"post","link":"https:\/\/www.lintelligentdabidjan.info\/news\/cote-divoire-le-ministre-amadou-kone-annonce-60-milliards-de-fcfa-pour-bouake\/","title":{"rendered":"C\u00f4te d\u2019Ivoire : le ministre Amadou Kon\u00e9 annonce 60 milliards de Fcfa pour Bouak\u00e9"},"content":{"rendered":"<p><strong>La r\u00e9sidence du ministre des Transports, Amadou Kon\u00e9 \u00e0 Bouak\u00e9, a servi de cadre le vendredi 4 janvier 2019 dans la soir\u00e9e \u00e0 une c\u00e9r\u00e9monie de reconnaissance et de remerciement au Chef de l&#8217;\u00c9tat, Alassane Ouattara.<\/strong><!--more-->\u00ab Le discours \u00e0 la Nation du Chef de l&#8217;\u00c9tat le 31 d\u00e9cembre 2018 est pour nous, un discours d&#8217;apaisement, de rassemblement et d&#8217;assurance. C&#8217;est pour lui dire merci et lui r\u00e9it\u00e9rer notre soutien que nous avons organis\u00e9 cette c\u00e9r\u00e9monie d&#8217;\u00e9changes de v\u0153ux \u00bb, a dit Nanan Gustave, porte parole des 150 chefs traditionnels pr\u00e9sents. Dr Paul Dakuyo, repr\u00e9sentant le maire de Bouak\u00e9, Nicolas Djibo, Diomand\u00e9 S\u00e9kou, au nom des cadres, Bamba Lama, au nom des chefs de communaut\u00e9s r\u00e9sidents \u00e0 Bouak\u00e9, ont tour \u00e0 tour lou\u00e9, les m\u00e9rites du Chef de l&#8217;\u00c9tat, Alassane Ouattara, du Premier ministre Amadou Gon Coulibaly et du ministre des Transports, Amadou Kon\u00e9.<\/p>\n<p>Ils ont pr\u00e9sent\u00e9 les v\u0153ux de nouvel an au couple pr\u00e9sidentiel. Plac\u00e9e sous le signe de la coh\u00e9sion et de l&#8217;unit\u00e9, la c\u00e9r\u00e9monie a \u00e9t\u00e9 l&#8217;occasion pour le ministre des Transports Amadou Kon\u00e9 de remercier tous les intervenants pour les bons mots \u00e0 l&#8217;endroit du Chef de l&#8217;\u00c9tat. \u00c0 son tour, il a formul\u00e9 au nom du Pr\u00e9sident Alassane Ouattara des v\u0153ux de sant\u00e9, long\u00e9vit\u00e9, prosp\u00e9rit\u00e9 et surtout bonheur aux populations de Bouak\u00e9. Toujours au nom du Chef de l&#8217;\u00c9tat, le ministre Amadou Kon\u00e9 a souhait\u00e9 que l\u2019ann\u00e9e 2019 soit pour Bouak\u00e9 et la r\u00e9gion de Gb\u00eak\u00ea, une ann\u00e9e de paix retrouv\u00e9e et de coh\u00e9sion sociale.<\/p>\n<p>\u00ab Je souhaite que la coh\u00e9sion et la solidarit\u00e9 entre les cadres, les \u00e9lus, les fils et filles de Bouak\u00e9 se p\u00e9rennisent comme vous le d\u00e9montrez aujourd&#8217;hui. Qu&#8217;il n&#8217;y ait plus de barri\u00e8res entre les uns et les autres \u00e0 Bouak\u00e9 et partout en C\u00f4te d&#8217;Ivoire. C&#8217;est dans l&#8217;amour en 2019 qu&#8217;il faut d\u00e9velopper Bouak\u00e9 dans la paix et dans la fraternit\u00e9&#8221;, a dit le ministre des Transports. Il a annonc\u00e9 un programme de d\u00e9veloppement d&#8217;un co\u00fbt total de 60 milliards de FCFA d\u00e9caiss\u00e9s par le gouvernement pour l&#8217;amorce \u00e9conomique de la ville. \u00ab 13 milliards F CFA seront engag\u00e9s pour la r\u00e9alisation de plusieurs kilom\u00e8tres de routes \u00e0 Bouak\u00e9. 13 autres milliards de nos francs pour les travaux de raccordement \u00e9lectrique. Sans oublier le raccordement du barrage de Kossou au barrage de la loka afin de rem\u00e9dier d\u00e9finitivement au probl\u00e8me d&#8217;eau potable. Plusieurs projets seront consacr\u00e9s aux femmes et aux jeunes. Car le Pr\u00e9sident Alassane Ouattara tient \u00e0 Bouak\u00e9 \u00bb, a soulign\u00e9 le ministre Amadou Kon\u00e9.<\/p>\n<p>Il aussi annonc\u00e9 la construction d&#8217;\u00e9coles, de centres de sant\u00e9, d&#8217;usines etc. Amadou Kon\u00e9 a fait don de 700 pagnes kita aux chefs traditionnels et de plusieurs tonnes de riz, de lait, de p\u00e2tes alimentaires et de bidons d&#8217;huile, aux populations.<\/p>\n<p>Aboubacar Al Syddick, \u00e0 Bouak\u00e9<\/p>\n","protected":false},"excerpt":{"rendered":"<p>La r\u00e9sidence du ministre des Transports, Amadou Kon\u00e9 \u00e0 Bouak\u00e9, a servi de cadre le vendredi 4 janvier 2019 dans la soir\u00e9e \u00e0 une c\u00e9r\u00e9monie de reconnaissance et de remerciement au Chef de l&#8217;\u00c9tat, Alassane Ouattara.<\/p>\n","protected":false},"author":2,"featured_media":11619,"comment_status":"closed","ping_status":"closed","sticky":false,"template":"","format":"standard","meta":{"_monsterinsights_skip_tracking":false,"_monsterinsights_sitenote_active":false,"_monsterinsights_sitenote_note":"","_monsterinsights_sitenote_category":0,"footnotes":""},"categories":[1,18],"tags":[],"class_list":["post-11618","post","type-post","status-publish","format-standard","has-post-thumbnail","hentry","category-actualites","category-economie"],"_links":{"self":[{"href":"https:\/\/www.lintelligentdabidjan.info\/news\/wp-json\/wp\/v2\/posts\/11618","targetHints":{"allow":["GET"]}}],"collection":[{"href":"https:\/\/www.lintelligentdabidjan.info\/news\/wp-json\/wp\/v2\/posts"}],"about":[{"href":"https:\/\/www.lintelligentdabidjan.info\/news\/wp-json\/wp\/v2\/types\/post"}],"author":[{"embeddable":true,"href":"https:\/\/www.lintelligentdabidjan.info\/news\/wp-json\/wp\/v2\/users\/2"}],"replies":[{"embeddable":true,"href":"https:\/\/www.lintelligentdabidjan.info\/news\/wp-json\/wp\/v2\/comments?post=11618"}],"version-history":[{"count":2,"href":"https:\/\/www.lintelligentdabidjan.info\/news\/wp-json\/wp\/v2\/posts\/11618\/revisions"}],"predecessor-version":[{"id":11621,"href":"https:\/\/www.lintelligentdabidjan.info\/news\/wp-json\/wp\/v2\/posts\/11618\/revisions\/11621"}],"wp:featuredmedia":[{"embeddable":true,"href":"https:\/\/www.lintelligentdabidjan.info\/news\/wp-json\/wp\/v2\/media\/11619"}],"wp:attachment":[{"href":"https:\/\/www.lintelligentdabidjan.info\/news\/wp-json\/wp\/v2\/media?parent=11618"}],"wp:term":[{"taxonomy":"category","embeddable":true,"href":"https:\/\/www.lintelligentdabidjan.info\/news\/wp-json\/wp\/v2\/categories?post=11618"},{"taxonomy":"post_tag","embeddable":true,"href":"https:\/\/www.lintelligentdabidjan.info\/news\/wp-json\/wp\/v2\/tags?post=11618"}],"curies":[{"name":"wp","href":"https:\/\/api.w.org\/{rel}","templated":true}]}}