{"id":11721,"date":"2019-01-10T15:33:59","date_gmt":"2019-01-10T14:33:59","guid":{"rendered":"http:\/\/www.lintelligentdabidjan.info\/news\/?p=11721"},"modified":"2019-01-10T15:33:59","modified_gmt":"2019-01-10T14:33:59","slug":"bedie-venance-konan-et-des-journalistes-observent-une-minute-de-silence-pour-nsikan","status":"publish","type":"post","link":"https:\/\/www.lintelligentdabidjan.info\/news\/bedie-venance-konan-et-des-journalistes-observent-une-minute-de-silence-pour-nsikan\/","title":{"rendered":"B\u00e9di\u00e9, Venance Konan et des journalistes observent une minute de silence pour N\u2019sikan"},"content":{"rendered":"<p><strong>Des journalistes et patrons de m\u00e9dias pr\u00e9sents en C\u00f4te d\u2019Ivoire, \u00e9taient jeudi 10 janvier 2019 \u00e0 Daoukro, \u00e0 l\u2019invitation du Pr\u00e9sident du Pdci, pour le traditionnel d\u00e9jeuner de nouvel an. Henri Konan B\u00e9di\u00e9 qui avait a ses c\u00f4t\u00e9s son \u00e9pouse et Ouassenan Kon\u00e9, a fait observer une minute de silence, en la m\u00e9moire de Kouam\u00e9 N\u2019Sikan, transporteur natif de Bouak\u00e9, rappel\u00e9 \u00e0 Dieu le m\u00eame jour. L\u2019Intelligent d\u2019Abidjan donne quelques coulisses du voyage et de la rencontre.\u00a0<\/strong><\/p>\n<div id=\"yMail_cursorElementTracker_1547110801971\">[ Voyage dans deux cars ]<\/div>\n<div id=\"yMail_cursorElementTracker_1547110801971\"><\/div>\n<div id=\"yMail_cursorElementTracker_1547110801971\">Les patrons de presse et les journalistes des diff\u00e9rentes r\u00e9dactions invit\u00e9s au d\u00e9jeuner<\/div>\n<div id=\"yMail_cursorElementTracker_1547110801971\">\u00ab institutionnel \u00bb ( selon l\u2019appellation de la direction communication), du Pr\u00e9sident Henri Konan B\u00e9di\u00e9, le jeudi 10 janvier 2019 ont \u00e9t\u00e9 transport\u00e9s d&#8217;Abidjan \u00e0 Daoukro dans un car immatricul\u00e9 au Togo dont la plaque \u00e9taient de couleur jaune et la cabine chauffeur situ\u00e9e en dessous de celle des passagers. \u00a0Des membres de la direction de communication du PDCI eux, ils \u00e9taient \u00e0 bord d\u2019un autre car , (avec d\u2019autres journalistes), dot\u00e9 d&#8217;une plaque d&#8217;immatriculation de couleur blanche d&#8217;un pays de l&#8217;Union europ\u00e9enne.<\/div>\n<div id=\"yMail_cursorElementTracker_1547110801971\"><\/div>\n<div id=\"yMail_cursorElementTracker_1547110801971\">[ La presse \u00e9trang\u00e8re fortement repr\u00e9sent\u00e9e ]<\/div>\n<div id=\"yMail_cursorElementTracker_1547110801971\"><\/div>\n<div id=\"yMail_cursorElementTracker_1547110801971\">Le 2\u00e8me car transportant les journalistes a c\u00e9d\u00e9 \u00e0 15 kilom\u00e8tres de Daoukro, notamment \u00e0 Kora Akissikro, o\u00f9 un roulement du v\u00e9hicule s&#8217;est cass\u00e9 obligeant les journalistes \u00e0 se coincer dans l\u2019autre car.\u00a0Les journalistes de la presse \u00e9trang\u00e8re exer\u00e7ant en C\u00f4te d&#8217;Ivoire, \u00e9taient fortement repr\u00e9sent\u00e9s au d\u00e9jeuner institutionnel offert aux hommes de m\u00e9dias par le pr\u00e9sident du Pdci \u00e0 Daoukro.\u00a0Le Directeur g\u00e9n\u00e9ral de Fraternit\u00e9 Matin, journal pro-gouvernemental, a effectu\u00e9 le d\u00e9placement \u00e0 Daoukro.<\/div>\n<div id=\"yMail_cursorElementTracker_1547110801971\"><\/div>\n<div id=\"yMail_cursorElementTracker_1547110801971\"><strong>JT, avec JHK\u00a0<\/strong><\/div>\n<p>&nbsp;<\/p>\n<p>&nbsp;<\/p>\n","protected":false},"excerpt":{"rendered":"<p>Des journalistes et patrons de m\u00e9dias pr\u00e9sents en C\u00f4te d\u2019Ivoire, \u00e9taient jeudi 10 janvier 2019 \u00e0 Daoukro, \u00e0 l\u2019invitation du Pr\u00e9sident du Pdci, pour le traditionnel d\u00e9jeuner de nouvel an. Henri Konan B\u00e9di\u00e9 qui avait a ses c\u00f4t\u00e9s son \u00e9pouse et Ouassenan Kon\u00e9, a fait observer une minute de silence, en la m\u00e9moire de Kouam\u00e9 [&hellip;]<\/p>\n","protected":false},"author":3,"featured_media":11722,"comment_status":"closed","ping_status":"closed","sticky":false,"template":"","format":"standard","meta":{"_monsterinsights_skip_tracking":false,"_monsterinsights_sitenote_active":false,"_monsterinsights_sitenote_note":"","_monsterinsights_sitenote_category":0,"footnotes":""},"categories":[2,17],"tags":[],"class_list":["post-11721","post","type-post","status-publish","format-standard","has-post-thumbnail","hentry","category-featured","category-politique"],"_links":{"self":[{"href":"https:\/\/www.lintelligentdabidjan.info\/news\/wp-json\/wp\/v2\/posts\/11721","targetHints":{"allow":["GET"]}}],"collection":[{"href":"https:\/\/www.lintelligentdabidjan.info\/news\/wp-json\/wp\/v2\/posts"}],"about":[{"href":"https:\/\/www.lintelligentdabidjan.info\/news\/wp-json\/wp\/v2\/types\/post"}],"author":[{"embeddable":true,"href":"https:\/\/www.lintelligentdabidjan.info\/news\/wp-json\/wp\/v2\/users\/3"}],"replies":[{"embeddable":true,"href":"https:\/\/www.lintelligentdabidjan.info\/news\/wp-json\/wp\/v2\/comments?post=11721"}],"version-history":[{"count":1,"href":"https:\/\/www.lintelligentdabidjan.info\/news\/wp-json\/wp\/v2\/posts\/11721\/revisions"}],"predecessor-version":[{"id":11723,"href":"https:\/\/www.lintelligentdabidjan.info\/news\/wp-json\/wp\/v2\/posts\/11721\/revisions\/11723"}],"wp:featuredmedia":[{"embeddable":true,"href":"https:\/\/www.lintelligentdabidjan.info\/news\/wp-json\/wp\/v2\/media\/11722"}],"wp:attachment":[{"href":"https:\/\/www.lintelligentdabidjan.info\/news\/wp-json\/wp\/v2\/media?parent=11721"}],"wp:term":[{"taxonomy":"category","embeddable":true,"href":"https:\/\/www.lintelligentdabidjan.info\/news\/wp-json\/wp\/v2\/categories?post=11721"},{"taxonomy":"post_tag","embeddable":true,"href":"https:\/\/www.lintelligentdabidjan.info\/news\/wp-json\/wp\/v2\/tags?post=11721"}],"curies":[{"name":"wp","href":"https:\/\/api.w.org\/{rel}","templated":true}]}}