{"id":11724,"date":"2019-01-10T15:58:31","date_gmt":"2019-01-10T14:58:31","guid":{"rendered":"http:\/\/www.lintelligentdabidjan.info\/news\/?p=11724"},"modified":"2019-01-10T15:58:31","modified_gmt":"2019-01-10T14:58:31","slug":"bedie-a-ouattara-cesser-ces-pratiques-immorales-et-illegales-non-conformes-a-letat-de-droit","status":"publish","type":"post","link":"https:\/\/www.lintelligentdabidjan.info\/news\/bedie-a-ouattara-cesser-ces-pratiques-immorales-et-illegales-non-conformes-a-letat-de-droit\/","title":{"rendered":"B\u00e9di\u00e9 \u00e0 Ouattara : \u00ab cesser ces pratiques immorales et ill\u00e9gales, non conformes \u00e0 l\u2019\u00c9tat de droit \u00bb"},"content":{"rendered":"<p><strong>Recevant la presse nationale et internationale jeudi 10 janvier 2019, \u00e0 Daoukro, pour un d\u00e9jeuner de d\u2019\u00e9changes de v\u0153ux \u00e0 l\u2019occasion du Nouvel an, le Pr\u00e9sident du Pdci, Henri Konan B\u00e9di\u00e9, a lanc\u00e9 ce qu\u2019il a appel\u00e9 un appel solennel au Pr\u00e9sident de la R\u00e9publique, Alassane Ouattara. Ci-dessous son intervention int\u00e9grale.\u00a0<\/strong><\/p>\n<div>\u00ab Vous recevant \u00e0 d\u00e9jeuner, \u00e0 l\u2019occasion du nouvel an, ce jeudi 10 janvier 2019, mon \u00e9pouse Henriette et moi-m\u00eame, vous souhaitons une chaleureuse bienvenue \u00a0 \u00e0 Daoukro.<\/div>\n<div><\/div>\n<div>Ce d\u00e9jeuner de presse, initi\u00e9 par nos soins confirme l\u2019excellente relation entre la presse et ces organes que vous repr\u00e9sentez et le PDCI-RDA.<\/div>\n<div>Il nous offre l\u2019opportunit\u00e9 d\u2019\u00e9changer dans un environnement convivial sur l\u2019ensemble des questions d\u2019actualit\u00e9s nationale et internationale<\/div>\n<div><\/div>\n<div>Je viens d\u2019\u00e9couter successivement Madame la Directrice de la Communication du PDCI-RDA et le repr\u00e9sentant de tous les organes de presse repr\u00e9sent\u00e9s, ici ce jour, \u00e0 Daoukro.<\/div>\n<div><\/div>\n<div>Je vous remercie pour les v\u0153ux chaleureux formul\u00e9s en mon endroit ainsi qu\u2019\u00e0 mon \u00e9pouse et \u00e0 ma famille.<\/div>\n<div>J\u2019adresse, en retour, \u00e0 chacune et \u00e0 chacun d\u2019entre vous ainsi qu\u2019\u00e0 vos familles respectives mes v\u0153ux de sant\u00e9, de bonheur, d\u2019amour, de paix et de prosp\u00e9rit\u00e9 pour l\u2019ann\u00e9e 2019.<\/div>\n<div>Que cette ann\u00e9e soit pour vous tous une ann\u00e9e de succ\u00e8s et d\u2019\u00e9panouissement dans vos activit\u00e9s respectives !<\/div>\n<div><\/div>\n<div>Je me r\u00e9jouis de ce que notre collaboration ait \u00e9t\u00e9 fructueuse durant l\u2019ann\u00e9e \u00e9coul\u00e9e.<\/div>\n<div><\/div>\n<div>En effet, vous avez su relayer efficacement nos messages \u00e0 l\u2019endroit de l\u2019opinion nationale et internationale.<\/div>\n<div><\/div>\n<div>Je souhaite qu\u2019au cours de l\u2019ann\u00e9e 2019 notre collaboration s\u2019enrichisse et se renforce davantage.<\/div>\n<div><\/div>\n<div>Mesdames et Messieurs, vous savez, autant que moi, qu\u2019il n\u2019y a pas de vie politique sans opinion politique et pas d\u2019opinion politique sans communication. Il en d\u00e9coule que votre mission est noble car elle est au service de l\u2019Etat de droit et de la d\u00e9mocratie.<\/div>\n<div><\/div>\n<div>Dans le contexte actuel de notre Pays, o\u00f9 l\u2019on assiste \u00e0 une r\u00e9surgence des pratiques anti-d\u00e9mocratiques dans la vie publique, il vous revient de donner la bonne information.<\/div>\n<div><\/div>\n<div>Ainsi, je profite de l\u2019occasion de la pr\u00e9sente rencontre pour d\u00e9noncer ces d\u00e9rives et j\u2019interpelle le Pr\u00e9sident de la R\u00e9publique et les tenants du Parti Unifi\u00e9 RHDP sur les dangers certains qu\u2019ils font courir au peuple et la Nation ivoirienne par des pratiques qui remettent en cause tous les acquis d\u00e9mocratiques.<\/div>\n<div><\/div>\n<div>Il s\u2019agit, entre autres, de la corruption des m\u0153urs politiques, du m\u00e9pris de la d\u00e9mocratie, des intimidations, des pressions, des menaces et les limogeages syst\u00e9matiques, des cadres pour opinion politique diff\u00e9rente.<\/div>\n<div><\/div>\n<div>Ces pratiques, jamais vues m\u00eame du temps parti unique, sont de nature \u00e0 cr\u00e9er le d\u00e9sordre et le chaos dans le tout pays.<\/div>\n<div><\/div>\n<div>D\u00e9j\u00e0 le d\u00e9sordre est dans certains quartiers de ville, dans certains villages. Demain il pourrait devenir un beau tapage irr\u00e9pressible aux cons\u00e9quences insoup\u00e7onnables.<\/div>\n<div><\/div>\n<div>Ce jour, j\u2019en appelle, solennellement au Pr\u00e9sident de la R\u00e9publique \u00e0 faire cesser ces pratiques immorales et ill\u00e9gales, non conformes \u00e0 l\u2019Etat de droit et \u00e0 la bonne gouvernance et par ailleurs aux droits des citoyens.<\/div>\n<div><\/div>\n<div>Sur ce, moi-m\u00eame, et mes services de communication vous r\u00e9it\u00e9rons notre ferme volont\u00e9 de poursuivre avec vous, une collaboration franche, sinc\u00e8re et ax\u00e9e sur la promotion des valeurs d\u00e9mocratiques, telle que le commande notre loi fondamentale, la constitution de la C\u00f4te d\u2019Ivoire.<\/div>\n<div><\/div>\n<div>En votre qualit\u00e9 d\u2019hommes de m\u00e9dias, t\u00e9moins de l\u2019histoire de notre Pays, vous devez contribuer inlassablement au retour d\u2019une paix durable et d\u00e9finitive en C\u00f4te d\u2019Ivoire par vos actions et activit\u00e9s de communication.<\/div>\n<div><\/div>\n<div>Pour finir, je voudrais vous remercier \u00e0 nouveau d\u2019\u00eatre venus partager avec nous ce d\u00e9jeuner et vous souhaiter, une fois de plus, bonne et heureuse ann\u00e9e 2019.<\/div>\n<div><\/div>\n<div>Bonne et heureuse ann\u00e9e 2019 \u00e0 vos r\u00e9dactions respectives.<\/div>\n<div>Je vous remercie. \u00bb.<\/div>\n<div><\/div>\n","protected":false},"excerpt":{"rendered":"<p>Recevant la presse nationale et internationale jeudi 10 janvier 2019, \u00e0 Daoukro, pour un d\u00e9jeuner de d\u2019\u00e9changes de v\u0153ux \u00e0 l\u2019occasion du Nouvel an, le Pr\u00e9sident du Pdci, Henri Konan B\u00e9di\u00e9, a lanc\u00e9 ce qu\u2019il a appel\u00e9 un appel solennel au Pr\u00e9sident de la R\u00e9publique, Alassane Ouattara. Ci-dessous son intervention int\u00e9grale.\u00a0 \u00ab Vous recevant \u00e0 [&hellip;]<\/p>\n","protected":false},"author":3,"featured_media":5699,"comment_status":"closed","ping_status":"closed","sticky":false,"template":"","format":"standard","meta":{"_monsterinsights_skip_tracking":false,"_monsterinsights_sitenote_active":false,"_monsterinsights_sitenote_note":"","_monsterinsights_sitenote_category":0,"footnotes":""},"categories":[2,1],"tags":[],"class_list":["post-11724","post","type-post","status-publish","format-standard","has-post-thumbnail","hentry","category-featured","category-actualites"],"_links":{"self":[{"href":"https:\/\/www.lintelligentdabidjan.info\/news\/wp-json\/wp\/v2\/posts\/11724","targetHints":{"allow":["GET"]}}],"collection":[{"href":"https:\/\/www.lintelligentdabidjan.info\/news\/wp-json\/wp\/v2\/posts"}],"about":[{"href":"https:\/\/www.lintelligentdabidjan.info\/news\/wp-json\/wp\/v2\/types\/post"}],"author":[{"embeddable":true,"href":"https:\/\/www.lintelligentdabidjan.info\/news\/wp-json\/wp\/v2\/users\/3"}],"replies":[{"embeddable":true,"href":"https:\/\/www.lintelligentdabidjan.info\/news\/wp-json\/wp\/v2\/comments?post=11724"}],"version-history":[{"count":1,"href":"https:\/\/www.lintelligentdabidjan.info\/news\/wp-json\/wp\/v2\/posts\/11724\/revisions"}],"predecessor-version":[{"id":11725,"href":"https:\/\/www.lintelligentdabidjan.info\/news\/wp-json\/wp\/v2\/posts\/11724\/revisions\/11725"}],"wp:featuredmedia":[{"embeddable":true,"href":"https:\/\/www.lintelligentdabidjan.info\/news\/wp-json\/wp\/v2\/media\/5699"}],"wp:attachment":[{"href":"https:\/\/www.lintelligentdabidjan.info\/news\/wp-json\/wp\/v2\/media?parent=11724"}],"wp:term":[{"taxonomy":"category","embeddable":true,"href":"https:\/\/www.lintelligentdabidjan.info\/news\/wp-json\/wp\/v2\/categories?post=11724"},{"taxonomy":"post_tag","embeddable":true,"href":"https:\/\/www.lintelligentdabidjan.info\/news\/wp-json\/wp\/v2\/tags?post=11724"}],"curies":[{"name":"wp","href":"https:\/\/api.w.org\/{rel}","templated":true}]}}