{"id":11791,"date":"2019-01-13T00:29:12","date_gmt":"2019-01-12T23:29:12","guid":{"rendered":"http:\/\/www.lintelligentdabidjan.info\/news\/?p=11791"},"modified":"2019-01-13T00:29:12","modified_gmt":"2019-01-12T23:29:12","slug":"bictogo-au-rhdp-nous-ne-forcons-pas-quelquun-mais-si-tu-nes-pas-dedans","status":"publish","type":"post","link":"https:\/\/www.lintelligentdabidjan.info\/news\/bictogo-au-rhdp-nous-ne-forcons-pas-quelquun-mais-si-tu-nes-pas-dedans\/","title":{"rendered":"Bictogo : au Rhdp, nous ne for\u00e7ons pas quelqu&#8217;un ; mais si tu n&#8217;es pas dedans"},"content":{"rendered":"<p><b id=\"yMail_cursorElementTracker_1547327999522\">En pr\u00e9lude au congr\u00e8s constitutif du 26 janvier 2019, un meeting au si\u00e8ge local du Rhdp a cl\u00f4tur\u00e9 le pr\u00e9 congr\u00e8s du Rhdp, tenu \u00e0 Abobo samedi 12 janvier 2019. \u00a0\u00c0 cette occasion,\u00a0<\/b><b id=\"yMail_cursorElementTracker_1547327996558\">le pr\u00e9sident du comit\u00e9 d&#8217;organisation du congr\u00e8s,\u00a0Adama Bictogo, a pr\u00e9cis\u00e9 que le nouveau parti ne force personne \u00e0 y adh\u00e9rer.\u00a0<\/b><\/p>\n<p>&nbsp;<\/p>\n<div id=\"yiv5936326618\">\n<div>\n<div id=\"yMail_cursorElementTracker_1547328262207\">Adama Bictogo a appel\u00e9 les populations d&#8217;Abobo \u00e0 une forte mobilisation au congr\u00e8s du\u00a0<a dir=\"ltr\" href=\"x-apple-data-detectors:\/\/2\">26 janvier 2019<\/a>\u00a0au stade F\u00e9lix Houphou\u00ebt-Boigny, pour la naissance effective du Rhdp. Pour lui, le Rhdp est le parti de l&#8217;avenir, celui qui pourra assurer \u00e0 la C\u00f4te d&#8217;Ivoire le bonheur, la stabilit\u00e9, la paix et le d\u00e9veloppement.<\/div>\n<div><\/div>\n<div id=\"yMail_cursorElementTracker_1547328262207\">\u00ab Devant l&#8217;armada du Pdci, nous allons cr\u00e9er la toile d&#8217;araign\u00e9e, la grosse vague qui l&#8217;engloutira. N&#8217;ayez pas peur, nous allons gagner en 2020. Au Rhdp, nous ne for\u00e7ons pas quelqu&#8217;un. Nous sommes d&#8217;accord avec le choix politique des gens. Mais si tu n&#8217;es pas dedans, c&#8217;est que tu es dehors \u00bb, a-t-il dit.<\/div>\n<div><\/div>\n<div>Avant le meeting, Adama Bictogo a ouvert les travaux du pr\u00e9 congr\u00e8s dans les locaux d&#8217;un \u00e9tablissement secondaire priv\u00e9. Pour le pr\u00e9sident du comit\u00e9 scientifique du pr\u00e9 congr\u00e8s, Assemian Kouakou, les travaux se sont d\u00e9roul\u00e9s dans une bonne ambiance. \u00a0Les congressistes, \u00e0 quelques amendement pr\u00e8s, ont adopt\u00e9 les textes fondateurs du Rhdp. Ils ont exprim\u00e9 leur adh\u00e9sion \u00e0 son projet de d\u00e9veloppement et son syst\u00e8me de fonctionnement qui pour eux, incarnent l&#8217;espoir des populations d&#8217;Abobo.<\/div>\n<div><\/div>\n<div><\/div>\n<div id=\"yMail_cursorElementTracker_1547328305984\">Cinq balles du pagne d\u00e9di\u00e9 au congr\u00e8s ont \u00e9t\u00e9 offertes , \u00e0 cette occasion, par l&#8217;h\u00f4te des Abobolais, aux femmes de la commune pour leur permettre d&#8217;\u00eatre aux couleurs du Rhdp, le jour du congr\u00e8s.<\/div>\n<\/div>\n<\/div>\n<div><\/div>\n<div><\/div>\n<div id=\"yiv5936326618\">\n<div>\n<div><b>TAB\u00a0<\/b><b>avec\u00a0<\/b><b>IBK<\/b><\/div>\n<\/div>\n<\/div>\n<p>&nbsp;<\/p>\n","protected":false},"excerpt":{"rendered":"<p>En pr\u00e9lude au congr\u00e8s constitutif du 26 janvier 2019, un meeting au si\u00e8ge local du Rhdp a cl\u00f4tur\u00e9 le pr\u00e9 congr\u00e8s du Rhdp, tenu \u00e0 Abobo samedi 12 janvier 2019. \u00a0\u00c0 cette occasion,\u00a0le pr\u00e9sident du comit\u00e9 d&#8217;organisation du congr\u00e8s,\u00a0Adama Bictogo, a pr\u00e9cis\u00e9 que le nouveau parti ne force personne \u00e0 y adh\u00e9rer.\u00a0 &nbsp; Adama Bictogo [&hellip;]<\/p>\n","protected":false},"author":3,"featured_media":11792,"comment_status":"closed","ping_status":"closed","sticky":false,"template":"","format":"standard","meta":{"_monsterinsights_skip_tracking":false,"_monsterinsights_sitenote_active":false,"_monsterinsights_sitenote_note":"","_monsterinsights_sitenote_category":0,"footnotes":""},"categories":[2,17],"tags":[],"class_list":["post-11791","post","type-post","status-publish","format-standard","has-post-thumbnail","hentry","category-featured","category-politique"],"_links":{"self":[{"href":"https:\/\/www.lintelligentdabidjan.info\/news\/wp-json\/wp\/v2\/posts\/11791","targetHints":{"allow":["GET"]}}],"collection":[{"href":"https:\/\/www.lintelligentdabidjan.info\/news\/wp-json\/wp\/v2\/posts"}],"about":[{"href":"https:\/\/www.lintelligentdabidjan.info\/news\/wp-json\/wp\/v2\/types\/post"}],"author":[{"embeddable":true,"href":"https:\/\/www.lintelligentdabidjan.info\/news\/wp-json\/wp\/v2\/users\/3"}],"replies":[{"embeddable":true,"href":"https:\/\/www.lintelligentdabidjan.info\/news\/wp-json\/wp\/v2\/comments?post=11791"}],"version-history":[{"count":1,"href":"https:\/\/www.lintelligentdabidjan.info\/news\/wp-json\/wp\/v2\/posts\/11791\/revisions"}],"predecessor-version":[{"id":11793,"href":"https:\/\/www.lintelligentdabidjan.info\/news\/wp-json\/wp\/v2\/posts\/11791\/revisions\/11793"}],"wp:featuredmedia":[{"embeddable":true,"href":"https:\/\/www.lintelligentdabidjan.info\/news\/wp-json\/wp\/v2\/media\/11792"}],"wp:attachment":[{"href":"https:\/\/www.lintelligentdabidjan.info\/news\/wp-json\/wp\/v2\/media?parent=11791"}],"wp:term":[{"taxonomy":"category","embeddable":true,"href":"https:\/\/www.lintelligentdabidjan.info\/news\/wp-json\/wp\/v2\/categories?post=11791"},{"taxonomy":"post_tag","embeddable":true,"href":"https:\/\/www.lintelligentdabidjan.info\/news\/wp-json\/wp\/v2\/tags?post=11791"}],"curies":[{"name":"wp","href":"https:\/\/api.w.org\/{rel}","templated":true}]}}