{"id":11874,"date":"2019-01-15T13:30:12","date_gmt":"2019-01-15T12:30:12","guid":{"rendered":"http:\/\/www.lintelligentdabidjan.info\/news\/?p=11874"},"modified":"2019-01-15T13:30:12","modified_gmt":"2019-01-15T12:30:12","slug":"altit-laurent-gbagbo-rentrera-en-cote-divoire-des-que-possible","status":"publish","type":"post","link":"https:\/\/www.lintelligentdabidjan.info\/news\/altit-laurent-gbagbo-rentrera-en-cote-divoire-des-que-possible\/","title":{"rendered":"Altit : \u00ab Laurent Gbagbo  rentrera en C\u00f4te d\u2019Ivoire d\u00e8s que possible \u00bb"},"content":{"rendered":"<p><strong>Apr\u00e8s la d\u00e9cision d\u2019acquittement des juges de la Chambre de Premi\u00e8re Instance de la Cour p\u00e9nale internationale, les principaux avocats Conseil de Laurent Gbagbo et Charles Bl\u00e9 Goud\u00e9 ont r\u00e9pondu \u00e0 des questions de journalistes pr\u00e9sents.<\/strong><\/p>\n<div dir=\"ltr\">Concernant l\u2019\u00e9tat d\u2019esprit de leurs clients, Ma\u00eetres Altit et Knops ont traduit leur soulagement et leur joie pour avoir \u00e9t\u00e9 d\u00e9clar\u00e9s innocents des charges all\u00e9gu\u00e9es en leur encontre par le Procureur. Leurs lib\u00e9rations effectives interviendront apr\u00e8s une autre d\u00e9cision des juges suite aux observations du Procureur.<\/div>\n<div dir=\"ltr\"><\/div>\n<div dir=\"ltr\"><\/div>\n<div dir=\"ltr\">Cette audience aura lieu demain (mercredi 16 janvier 2019). Au sujet de l\u2019apr\u00e8s centre p\u00e9nitentiaire de Scheveningen, Altit et Knops ont clairement indiqu\u00e9 la volont\u00e9 de leurs respectifs clients de rentrer en C\u00f4te d\u2019Ivoir. \u00ab Vous connaissez l\u2019attachement que le pr\u00e9sident Laurent Gbagbo a pour sa terre natale et ses concitoyens. D\u00e8s que ce sera possible, mon client Laurent Gbagbo rentrera dans son pays la C\u00f4te d\u2019Ivoire \u00bb a indiqu\u00e9 Emmanuel Altit, Conseil principal de l\u2019ex chef d\u2019\u00c9tat ivoirien.<\/div>\n<div dir=\"ltr\"><\/div>\n<div dir=\"ltr\">\n<p><strong>Jean-Paul Oro d\u00e9puis La Haye<\/strong><\/div>\n","protected":false},"excerpt":{"rendered":"<p>Apr\u00e8s la d\u00e9cision d\u2019acquittement des juges de la Chambre de Premi\u00e8re Instance de la Cour p\u00e9nale internationale, les principaux avocats Conseil de Laurent Gbagbo et Charles Bl\u00e9 Goud\u00e9 ont r\u00e9pondu \u00e0 des questions de journalistes pr\u00e9sents. Concernant l\u2019\u00e9tat d\u2019esprit de leurs clients, Ma\u00eetres Altit et Knops ont traduit leur soulagement et leur joie pour avoir [&hellip;]<\/p>\n","protected":false},"author":3,"featured_media":11869,"comment_status":"closed","ping_status":"closed","sticky":false,"template":"","format":"standard","meta":{"_monsterinsights_skip_tracking":false,"_monsterinsights_sitenote_active":false,"_monsterinsights_sitenote_note":"","_monsterinsights_sitenote_category":0,"footnotes":""},"categories":[2,1],"tags":[],"class_list":["post-11874","post","type-post","status-publish","format-standard","has-post-thumbnail","hentry","category-featured","category-actualites"],"_links":{"self":[{"href":"https:\/\/www.lintelligentdabidjan.info\/news\/wp-json\/wp\/v2\/posts\/11874","targetHints":{"allow":["GET"]}}],"collection":[{"href":"https:\/\/www.lintelligentdabidjan.info\/news\/wp-json\/wp\/v2\/posts"}],"about":[{"href":"https:\/\/www.lintelligentdabidjan.info\/news\/wp-json\/wp\/v2\/types\/post"}],"author":[{"embeddable":true,"href":"https:\/\/www.lintelligentdabidjan.info\/news\/wp-json\/wp\/v2\/users\/3"}],"replies":[{"embeddable":true,"href":"https:\/\/www.lintelligentdabidjan.info\/news\/wp-json\/wp\/v2\/comments?post=11874"}],"version-history":[{"count":1,"href":"https:\/\/www.lintelligentdabidjan.info\/news\/wp-json\/wp\/v2\/posts\/11874\/revisions"}],"predecessor-version":[{"id":11879,"href":"https:\/\/www.lintelligentdabidjan.info\/news\/wp-json\/wp\/v2\/posts\/11874\/revisions\/11879"}],"wp:featuredmedia":[{"embeddable":true,"href":"https:\/\/www.lintelligentdabidjan.info\/news\/wp-json\/wp\/v2\/media\/11869"}],"wp:attachment":[{"href":"https:\/\/www.lintelligentdabidjan.info\/news\/wp-json\/wp\/v2\/media?parent=11874"}],"wp:term":[{"taxonomy":"category","embeddable":true,"href":"https:\/\/www.lintelligentdabidjan.info\/news\/wp-json\/wp\/v2\/categories?post=11874"},{"taxonomy":"post_tag","embeddable":true,"href":"https:\/\/www.lintelligentdabidjan.info\/news\/wp-json\/wp\/v2\/tags?post=11874"}],"curies":[{"name":"wp","href":"https:\/\/api.w.org\/{rel}","templated":true}]}}