{"id":11881,"date":"2019-01-15T13:45:16","date_gmt":"2019-01-15T12:45:16","guid":{"rendered":"http:\/\/www.lintelligentdabidjan.info\/news\/?p=11881"},"modified":"2019-01-15T13:45:16","modified_gmt":"2019-01-15T12:45:16","slug":"gbagbo-et-ble-acquittes-joel-nguessan-prendre-acte-et-faire-attention-a-nos-agissements","status":"publish","type":"post","link":"https:\/\/www.lintelligentdabidjan.info\/news\/gbagbo-et-ble-acquittes-joel-nguessan-prendre-acte-et-faire-attention-a-nos-agissements\/","title":{"rendered":"Gbagbo et Bl\u00e9 acquitt\u00e9s, Jo\u00ebl N\u2019guessan: \u00abprendre acte et faire attention \u00e0 nos agissements\u00bb"},"content":{"rendered":"<p style=\"text-align: justify;\"><strong>Suite \u00e0 l\u2019acquittement mardi 15 janvier 2019, de Laurent Gbagbo et de Charles Bl\u00e9 Goud\u00e9 devant la Cour p\u00e9nal international (CPI), nous avons recueilli la r\u00e9action de Jo\u00ebl N\u2019guessan, vice-pr\u00e9sident du Rhdp, au pouvoir.\u00a0<\/strong><\/p>\n<p class=\"yiv6365251365ydpeda3793cMsoNormal\">\u00ab D\u2019abord ce que je voudrais vous dire, que nous les hommes politiques, nous avons obligation de prendre acte des d\u00e9cisions de Justice. Nous n\u2019avons pas \u00e0 faire des \u00e9motions sur les d\u00e9cisions parce que nous ne sommes pas des juges. Nous ne sommes pas des magistrats donc nous allons prendre acte.<\/p>\n<p class=\"yiv6365251365ydpeda3793cMsoNormal\">Deuxi\u00e8mement, je voudrais faire remarquer que lorsqu\u2019il y a eu la vague d\u2019amnistie au niveau de la C\u00f4te d\u2019Ivoire qui a concern\u00e9 je crois, 862 Ivoiriens qui ont \u00e9t\u00e9 lib\u00e9r\u00e9s, nous avons tous pris acte de cette\u00a0d\u00e9cision. Si nous avons pris acte pour cela, nous devons aussi prendre acte pour l\u2019acquittement de monsieur Gbagbo et de monsieur Bl\u00e9 Goud\u00e9.<\/p>\n<p class=\"yiv6365251365ydpeda3793cMsoNormal\">Cependant, nous devons nous souvenir qu\u2019il y a eu des milliers de morts et que nous devons \u00eatre en veille permanente pour \u00e9viter que les propos ou les agissements qui ont emmen\u00e9 la C\u00f4te d\u2019Ivoire dans ce gouffre ne se r\u00e9p\u00e8tent plus. Donc qu\u2019on se dise qu\u2019on a eu de tels propos ou de tels agissements qui ont provoqu\u00e9 des milliers de morts, et que nous ne devions plus recommencer cela. Ce serait rendre justice \u00e0 ces milliers de morts.<\/p>\n<p class=\"yiv6365251365ydpeda3793cMsoNormal\">Si on ne le fait pas,\u00a0 et que nous ne faisons pas attention \u00e0 la nature de nos propos et que cela arrive encore, ce n\u2019est pas \u00e9vident que ce sera la cour p\u00e9nale qui sera appel\u00e9e \u00e0 juger qui que ce soit. Il faut donc faire attention \u00e0 nos agissements et nos propos\u00a0\u00bb.<\/p>\n<p class=\"yiv6365251365ydpeda3793cMsoNormal\"><b>Claude Dass\u00e9<\/b><\/p>\n","protected":false},"excerpt":{"rendered":"<p>Suite \u00e0 l\u2019acquittement mardi 15 janvier 2019, de Laurent Gbagbo et de Charles Bl\u00e9 Goud\u00e9 devant la Cour p\u00e9nal international (CPI), nous avons recueilli la r\u00e9action de Jo\u00ebl N\u2019guessan, vice-pr\u00e9sident du Rhdp, au pouvoir.\u00a0 \u00ab D\u2019abord ce que je voudrais vous dire, que nous les hommes politiques, nous avons obligation de prendre acte des d\u00e9cisions [&hellip;]<\/p>\n","protected":false},"author":3,"featured_media":11882,"comment_status":"closed","ping_status":"closed","sticky":false,"template":"","format":"standard","meta":{"_monsterinsights_skip_tracking":false,"_monsterinsights_sitenote_active":false,"_monsterinsights_sitenote_note":"","_monsterinsights_sitenote_category":0,"footnotes":""},"categories":[2,1],"tags":[],"class_list":["post-11881","post","type-post","status-publish","format-standard","has-post-thumbnail","hentry","category-featured","category-actualites"],"_links":{"self":[{"href":"https:\/\/www.lintelligentdabidjan.info\/news\/wp-json\/wp\/v2\/posts\/11881","targetHints":{"allow":["GET"]}}],"collection":[{"href":"https:\/\/www.lintelligentdabidjan.info\/news\/wp-json\/wp\/v2\/posts"}],"about":[{"href":"https:\/\/www.lintelligentdabidjan.info\/news\/wp-json\/wp\/v2\/types\/post"}],"author":[{"embeddable":true,"href":"https:\/\/www.lintelligentdabidjan.info\/news\/wp-json\/wp\/v2\/users\/3"}],"replies":[{"embeddable":true,"href":"https:\/\/www.lintelligentdabidjan.info\/news\/wp-json\/wp\/v2\/comments?post=11881"}],"version-history":[{"count":1,"href":"https:\/\/www.lintelligentdabidjan.info\/news\/wp-json\/wp\/v2\/posts\/11881\/revisions"}],"predecessor-version":[{"id":11883,"href":"https:\/\/www.lintelligentdabidjan.info\/news\/wp-json\/wp\/v2\/posts\/11881\/revisions\/11883"}],"wp:featuredmedia":[{"embeddable":true,"href":"https:\/\/www.lintelligentdabidjan.info\/news\/wp-json\/wp\/v2\/media\/11882"}],"wp:attachment":[{"href":"https:\/\/www.lintelligentdabidjan.info\/news\/wp-json\/wp\/v2\/media?parent=11881"}],"wp:term":[{"taxonomy":"category","embeddable":true,"href":"https:\/\/www.lintelligentdabidjan.info\/news\/wp-json\/wp\/v2\/categories?post=11881"},{"taxonomy":"post_tag","embeddable":true,"href":"https:\/\/www.lintelligentdabidjan.info\/news\/wp-json\/wp\/v2\/tags?post=11881"}],"curies":[{"name":"wp","href":"https:\/\/api.w.org\/{rel}","templated":true}]}}