{"id":11995,"date":"2019-01-18T13:41:30","date_gmt":"2019-01-18T12:41:30","guid":{"rendered":"http:\/\/www.lintelligentdabidjan.info\/news\/?p=11995"},"modified":"2019-01-18T13:41:30","modified_gmt":"2019-01-18T12:41:30","slug":"gbagbo-et-ble-pas-libres-jusquau-1er-fevrier-2019-le-resume-de-la-decision","status":"publish","type":"post","link":"https:\/\/www.lintelligentdabidjan.info\/news\/gbagbo-et-ble-pas-libres-jusquau-1er-fevrier-2019-le-resume-de-la-decision\/","title":{"rendered":"Gbagbo et Bl\u00e9 pas libres jusqu\u2019au 1er f\u00e9vrier 2019 : le r\u00e9sum\u00e9 de la d\u00e9cision"},"content":{"rendered":"<p>La Chambre d&#8217;appel de la CPI maintient Laurent Gbagbo et Charles Bl\u00e9 Goud\u00e9 en d\u00e9tention et programme une audience sur leur d\u00e9tention le 1er f\u00e9vrier 2019<\/p>\n<p>La Chambre d\u2019appel de la Cour p\u00e9nale internationale (\u00ab CPI \u00bb ou \u00ab la Cour \u00bb), \u00e0 la majorit\u00e9, les juges Howard Morrison et Piotr Hofma\u0144ski joignant une opinion dissidente, a d\u00e9cid\u00e9 que M. Laurent Gbagbo et M. Charles Bl\u00e9 Goud\u00e9 resteront en d\u00e9tention dans l&#8217;attente de la d\u00e9cision de la Chambre d\u2019appel sur l&#8217;appel de l\u2019accusation contre la d\u00e9cision de la Chambre de premi\u00e8re instance I concernant la mise en libert\u00e9 de M. Gbagbo et M. Bl\u00e9 Goud\u00e9 suite \u00e0 leur acquittement.<\/p>\n<p>La Chambre d\u2019appel a suspendu l\u2019effet de la d\u00e9cision de la Chambre de premi\u00e8re instance I sur la mise en libert\u00e9 de M. Gbagbo et M. Bl\u00e9 Goud\u00e9 et a programm\u00e9 une audience, le 1er f\u00e9vrier 2019, pour entendre d&#8217;autres arguments sur cet appel. La Chambre a ordonn\u00e9 la pr\u00e9sentation du m\u00e9moire d&#8217;appel du Procureur au plus tard le 23 janvier 2019 ainsi que les r\u00e9ponses y aff\u00e9rentes de M. Gbagbo, M. Bl\u00e9 Goud\u00e9 et des victimes participant \u00e0 la proc\u00e9dure au plus tard le 29 janvier 2019.<\/p>\n","protected":false},"excerpt":{"rendered":"<p>La Chambre d&#8217;appel de la CPI maintient Laurent Gbagbo et Charles Bl\u00e9 Goud\u00e9 en d\u00e9tention et programme une audience sur leur d\u00e9tention le 1er f\u00e9vrier 2019 La Chambre d\u2019appel de la Cour p\u00e9nale internationale (\u00ab CPI \u00bb ou \u00ab la Cour \u00bb), \u00e0 la majorit\u00e9, les juges Howard Morrison et Piotr Hofma\u0144ski joignant une opinion [&hellip;]<\/p>\n","protected":false},"author":3,"featured_media":11901,"comment_status":"closed","ping_status":"closed","sticky":false,"template":"","format":"standard","meta":{"_monsterinsights_skip_tracking":false,"_monsterinsights_sitenote_active":false,"_monsterinsights_sitenote_note":"","_monsterinsights_sitenote_category":0,"footnotes":""},"categories":[2,1],"tags":[],"class_list":["post-11995","post","type-post","status-publish","format-standard","has-post-thumbnail","hentry","category-featured","category-actualites"],"_links":{"self":[{"href":"https:\/\/www.lintelligentdabidjan.info\/news\/wp-json\/wp\/v2\/posts\/11995","targetHints":{"allow":["GET"]}}],"collection":[{"href":"https:\/\/www.lintelligentdabidjan.info\/news\/wp-json\/wp\/v2\/posts"}],"about":[{"href":"https:\/\/www.lintelligentdabidjan.info\/news\/wp-json\/wp\/v2\/types\/post"}],"author":[{"embeddable":true,"href":"https:\/\/www.lintelligentdabidjan.info\/news\/wp-json\/wp\/v2\/users\/3"}],"replies":[{"embeddable":true,"href":"https:\/\/www.lintelligentdabidjan.info\/news\/wp-json\/wp\/v2\/comments?post=11995"}],"version-history":[{"count":1,"href":"https:\/\/www.lintelligentdabidjan.info\/news\/wp-json\/wp\/v2\/posts\/11995\/revisions"}],"predecessor-version":[{"id":11996,"href":"https:\/\/www.lintelligentdabidjan.info\/news\/wp-json\/wp\/v2\/posts\/11995\/revisions\/11996"}],"wp:featuredmedia":[{"embeddable":true,"href":"https:\/\/www.lintelligentdabidjan.info\/news\/wp-json\/wp\/v2\/media\/11901"}],"wp:attachment":[{"href":"https:\/\/www.lintelligentdabidjan.info\/news\/wp-json\/wp\/v2\/media?parent=11995"}],"wp:term":[{"taxonomy":"category","embeddable":true,"href":"https:\/\/www.lintelligentdabidjan.info\/news\/wp-json\/wp\/v2\/categories?post=11995"},{"taxonomy":"post_tag","embeddable":true,"href":"https:\/\/www.lintelligentdabidjan.info\/news\/wp-json\/wp\/v2\/tags?post=11995"}],"curies":[{"name":"wp","href":"https:\/\/api.w.org\/{rel}","templated":true}]}}