{"id":12242,"date":"2019-01-27T19:50:04","date_gmt":"2019-01-27T18:50:04","guid":{"rendered":"http:\/\/www.lintelligentdabidjan.info\/news\/?p=12242"},"modified":"2019-01-27T21:01:52","modified_gmt":"2019-01-27T20:01:52","slug":"cote-divoire-soro-na-pas-voyage-et-est-toujours-a-abidjan-apres-la-delegation-de-ses-pouvoirs","status":"publish","type":"post","link":"https:\/\/www.lintelligentdabidjan.info\/news\/cote-divoire-soro-na-pas-voyage-et-est-toujours-a-abidjan-apres-la-delegation-de-ses-pouvoirs\/","title":{"rendered":"C\u00f4te d\u2019Ivoire: Soro n\u2019a pas voyag\u00e9 et est toujours \u00e0 Abidjan apr\u00e8s la d\u00e9l\u00e9gation de ses pouvoirs"},"content":{"rendered":"<p><strong>Le Pr\u00e9sident de l\u2019Assembl\u00e9e nationale, Guillaume Soro, \u00e9tait toujours \u00e0 Abidjan au moment o\u00f9 nous publions ces lignes (18:45), le dimanche 27 janvier 2019, soit 72 heures apr\u00e8s la prise d\u2019effet de la d\u00e9l\u00e9gation de ses pouvoirs \u00e0 l\u2019un des vice-Pr\u00e9sidents de l\u2019institution, Oulla Privat.<\/strong> <!--more-->Annonc\u00e9 au Congo, en Belgique et aux \u00c9tats-Unis, par des m\u00e9dias, Guillaume Soro n\u2019a pourtant pas quitt\u00e9 ni Abidjan, ni la C\u00f4te d\u2019Ivoire, contrairement \u00e0 ce que laissait penser la lettre de d\u00e9l\u00e9gation de pouvoirs, suite \u00e0 son absence allant du 25 janvier 2019 au 20 f\u00e9vrier 2019. Dans la soir\u00e9e du samedi 26 janvier 2019, jour du congr\u00e8s du Rhdp auquel il n\u2019a pas assist\u00e9, Guillaume Soro a eu une s\u00e9ance de travail avec son staff, puis il a accord\u00e9 des audiences et une interview \u00e0 un m\u00e9dia en ligne , dans lequel il aurait annonc\u00e9, entre autre, sa candidature \u00e0 l\u2019\u00e9lection pr\u00e9sidentielle de 2020. Une rencontre avec le Pr\u00e9sident Blaise Compaor\u00e9, puis une autre avec un \u00e9missaire du Pr\u00e9sident Alpha Cond\u00e9, \u00e9taient dans son agenda, le m\u00eame samedi. Au cours de la semaine qui commence \u00e0 partir du lundi 28 janvier 2019, Guillaume Soro devrait rester sur place en C\u00f4te d\u2019Ivoire jusqu\u2019au milieu de celle-ci; toutefois seuls ses tr\u00e8s proches connaissent son agenda exact, ainsi que l\u2019ensemble du verbatim et de la tonalit\u00e9 de ses r\u00e9cents \u00e9changes avec le chef de l\u2019\u00c9tat,Alassane Ouattara, au del\u00e0 des brefs \u00e9chos connus aussi bien \u00e0 travers la lettre du continent, que le nouveau m\u00e9dia ivoirien \u00ab InfosTracker \u00bb. Des \u00e9chos qui n\u2019ont pas emp\u00each\u00e9 la fausse alerte au sujet de son voyage.<\/p>\n<p>&nbsp;<\/p>\n<p><strong><em>Charles Kouassi<\/em> <\/strong><\/p>\n","protected":false},"excerpt":{"rendered":"<p>Le Pr\u00e9sident de l\u2019Assembl\u00e9e nationale, Guillaume Soro, \u00e9tait toujours \u00e0 Abidjan au moment o\u00f9 nous publions ces lignes (18:45), le dimanche 27 janvier 2019, soit 72 heures apr\u00e8s la prise d\u2019effet de la d\u00e9l\u00e9gation de ses pouvoirs \u00e0 l\u2019un des vice-Pr\u00e9sidents de l\u2019institution, Oulla Privat.<\/p>\n","protected":false},"author":3,"featured_media":6354,"comment_status":"closed","ping_status":"closed","sticky":false,"template":"","format":"standard","meta":{"_monsterinsights_skip_tracking":false,"_monsterinsights_sitenote_active":false,"_monsterinsights_sitenote_note":"","_monsterinsights_sitenote_category":0,"footnotes":""},"categories":[2,17],"tags":[],"class_list":["post-12242","post","type-post","status-publish","format-standard","has-post-thumbnail","hentry","category-featured","category-politique"],"_links":{"self":[{"href":"https:\/\/www.lintelligentdabidjan.info\/news\/wp-json\/wp\/v2\/posts\/12242","targetHints":{"allow":["GET"]}}],"collection":[{"href":"https:\/\/www.lintelligentdabidjan.info\/news\/wp-json\/wp\/v2\/posts"}],"about":[{"href":"https:\/\/www.lintelligentdabidjan.info\/news\/wp-json\/wp\/v2\/types\/post"}],"author":[{"embeddable":true,"href":"https:\/\/www.lintelligentdabidjan.info\/news\/wp-json\/wp\/v2\/users\/3"}],"replies":[{"embeddable":true,"href":"https:\/\/www.lintelligentdabidjan.info\/news\/wp-json\/wp\/v2\/comments?post=12242"}],"version-history":[{"count":2,"href":"https:\/\/www.lintelligentdabidjan.info\/news\/wp-json\/wp\/v2\/posts\/12242\/revisions"}],"predecessor-version":[{"id":12247,"href":"https:\/\/www.lintelligentdabidjan.info\/news\/wp-json\/wp\/v2\/posts\/12242\/revisions\/12247"}],"wp:featuredmedia":[{"embeddable":true,"href":"https:\/\/www.lintelligentdabidjan.info\/news\/wp-json\/wp\/v2\/media\/6354"}],"wp:attachment":[{"href":"https:\/\/www.lintelligentdabidjan.info\/news\/wp-json\/wp\/v2\/media?parent=12242"}],"wp:term":[{"taxonomy":"category","embeddable":true,"href":"https:\/\/www.lintelligentdabidjan.info\/news\/wp-json\/wp\/v2\/categories?post=12242"},{"taxonomy":"post_tag","embeddable":true,"href":"https:\/\/www.lintelligentdabidjan.info\/news\/wp-json\/wp\/v2\/tags?post=12242"}],"curies":[{"name":"wp","href":"https:\/\/api.w.org\/{rel}","templated":true}]}}