{"id":12336,"date":"2019-02-01T09:49:22","date_gmt":"2019-02-01T08:49:22","guid":{"rendered":"http:\/\/www.lintelligentdabidjan.info\/news\/?p=12336"},"modified":"2019-02-01T09:49:22","modified_gmt":"2019-02-01T08:49:22","slug":"apres-la-visite-de-ahmad-en-cote-divoire-la-fif-annonce-le-retrait-de-sa-plainte-au-tas","status":"publish","type":"post","link":"https:\/\/www.lintelligentdabidjan.info\/news\/apres-la-visite-de-ahmad-en-cote-divoire-la-fif-annonce-le-retrait-de-sa-plainte-au-tas\/","title":{"rendered":"Apr\u00e8s la visite de Ahmad en C\u00f4te d\u2019Ivoire, la Fif annonce le retrait de sa plainte au Tas"},"content":{"rendered":"<p><strong>La F\u00e9d\u00e9ration ivoirienne de Football (FIF) va retirer sa plainte au Tribunal Arbitral du sport (TAS) contre la CAF. Une d\u00e9cision qui fait suite \u00e0 l&#8217;accord trouv\u00e9 entre la C\u00f4te d&#8217;Ivoire et la CAF pour l&#8217;organisation de la CAN 2023 au lieu de 2021.<\/strong><!--more--><\/p>\n<p>\u00ab Nous allons retirer la plainte. \u00c9tant donn\u00e9 que le Chef de l\u2019\u00c9tat nous demande de laisser tomber. Apr\u00e8s avoir accept\u00e9 l&#8217;id\u00e9e du glissement par solidarit\u00e9 au Cameroun, si nous ne retirons pas, c\u2019est comme si nous allons contre la d\u00e9cision du Pr\u00e9sident de la R\u00e9publique Alassane Ouattara. Nous ne pouvons aller contre la d\u00e9cision du Pr\u00e9sident Alassane Ouattara. Cela s&#8217;impose \u00e0 nous. Nous devons l\u00e2cher prise \u00bb, a confi\u00e9 \u00e0 l&#8217;Intelligent d&#8217;Abidjan Me Raux Athanase, Membre du comit\u00e9 ex\u00e9cutif de la FIF \u00e0 son cabinet de Cocody- II Plateaux le jeudi 31 janvier 2019.<br \/>\nLa proc\u00e9dure de retrait de la plainte se fera \u00e0 partir de la semaine prochaine, selon lui.<\/p>\n<p>Il a ajout\u00e9 que la plainte contre la CAF au niveau du TAS a \u00e9t\u00e9 une bonne id\u00e9e : \u00ab Notre action a port\u00e9. Elle a mis la pression sur tout le monde \u00bb.<\/p>\n<p>AK<\/p>\n","protected":false},"excerpt":{"rendered":"<p>La F\u00e9d\u00e9ration ivoirienne de Football (FIF) va retirer sa plainte au Tribunal Arbitral du sport (TAS) contre la CAF. Une d\u00e9cision qui fait suite \u00e0 l&#8217;accord trouv\u00e9 entre la C\u00f4te d&#8217;Ivoire et la CAF pour l&#8217;organisation de la CAN 2023 au lieu de 2021.<\/p>\n","protected":false},"author":2,"featured_media":12339,"comment_status":"closed","ping_status":"closed","sticky":false,"template":"","format":"standard","meta":{"_monsterinsights_skip_tracking":false,"_monsterinsights_sitenote_active":false,"_monsterinsights_sitenote_note":"","_monsterinsights_sitenote_category":0,"footnotes":""},"categories":[2,23],"tags":[],"class_list":["post-12336","post","type-post","status-publish","format-standard","has-post-thumbnail","hentry","category-featured","category-sport"],"_links":{"self":[{"href":"https:\/\/www.lintelligentdabidjan.info\/news\/wp-json\/wp\/v2\/posts\/12336","targetHints":{"allow":["GET"]}}],"collection":[{"href":"https:\/\/www.lintelligentdabidjan.info\/news\/wp-json\/wp\/v2\/posts"}],"about":[{"href":"https:\/\/www.lintelligentdabidjan.info\/news\/wp-json\/wp\/v2\/types\/post"}],"author":[{"embeddable":true,"href":"https:\/\/www.lintelligentdabidjan.info\/news\/wp-json\/wp\/v2\/users\/2"}],"replies":[{"embeddable":true,"href":"https:\/\/www.lintelligentdabidjan.info\/news\/wp-json\/wp\/v2\/comments?post=12336"}],"version-history":[{"count":1,"href":"https:\/\/www.lintelligentdabidjan.info\/news\/wp-json\/wp\/v2\/posts\/12336\/revisions"}],"predecessor-version":[{"id":12341,"href":"https:\/\/www.lintelligentdabidjan.info\/news\/wp-json\/wp\/v2\/posts\/12336\/revisions\/12341"}],"wp:featuredmedia":[{"embeddable":true,"href":"https:\/\/www.lintelligentdabidjan.info\/news\/wp-json\/wp\/v2\/media\/12339"}],"wp:attachment":[{"href":"https:\/\/www.lintelligentdabidjan.info\/news\/wp-json\/wp\/v2\/media?parent=12336"}],"wp:term":[{"taxonomy":"category","embeddable":true,"href":"https:\/\/www.lintelligentdabidjan.info\/news\/wp-json\/wp\/v2\/categories?post=12336"},{"taxonomy":"post_tag","embeddable":true,"href":"https:\/\/www.lintelligentdabidjan.info\/news\/wp-json\/wp\/v2\/tags?post=12336"}],"curies":[{"name":"wp","href":"https:\/\/api.w.org\/{rel}","templated":true}]}}