{"id":12474,"date":"2019-02-08T14:48:24","date_gmt":"2019-02-08T13:48:24","guid":{"rendered":"http:\/\/www.lintelligentdabidjan.info\/news\/?p=12474"},"modified":"2019-02-08T15:44:45","modified_gmt":"2019-02-08T14:44:45","slug":"cote-divoire-lheure-a-sonne-ou-discours-integral-de-demission-de-soro","status":"publish","type":"post","link":"https:\/\/www.lintelligentdabidjan.info\/news\/cote-divoire-lheure-a-sonne-ou-discours-integral-de-demission-de-soro\/","title":{"rendered":"C\u00f4te d\u2019Ivoire : l\u2019heure a sonn\u00e9 ou discours int\u00e9gral de d\u00e9mission de Soro"},"content":{"rendered":"<p><strong>Ci dessous la transcription par l\u2019IA du message de d\u00e9mission du Pr\u00e9sident de l\u2019Assembl\u00e9e nationale, Guillaume Soro, le vendredi 8 f\u00e9vrier 2019.<!--more--><\/strong><br \/>\n\u00ab Chers coll\u00e8gues L\u2019heure a sonn\u00e9. Le Pr\u00e9sident de la R\u00e9publique, SEM Alassane Ouattara et moi-m\u00eame avons convenu de la convocation d\u2019une session extraordinaire, ce jour, vendredi 8 f\u00e9vrier 2019. Mes chers coll\u00e8gues, quand il est l\u2019heure, il n\u2019est point besoin de honte.<br \/>\nDans la vie des hommes, voyez-vous, il y a des moments aussi d\u00e9cisifs o\u00f9 il ne tient qu\u2019\u00e0 soi-m\u00eame de prendre ses responsabilit\u00e9s. C\u2019est ce que je m\u2019en vais faire tout \u00e0 l\u2019heure. Mais avant, permettez-moi d\u2019exprimer le bonheur et la joie que j\u2019ai eus \u00e0 conduire aux destin\u00e9s du deuxi\u00e8me pouvoir de l\u2019\u00c9tat, le pouvoir l\u00e9gislatif. Mes deux mandatures ont \u00e9t\u00e9 parsem\u00e9s de moments de joie, mais aussi d\u2019emb\u00fbches et de douleurs vives. C\u2019est pourquoi, \u00e0 vous chers coll\u00e8gues qui m\u2019avez fait confiance en l\u2019\u00e9lisant le 9 janvier 2016, je tiens \u00e0 dire toute ma reconnaissance et ma gratitude. Tout au long de notre marche commune, j\u2019ai voulu faire de notre Assembl\u00e9e nationale une famille, certes color\u00e9e, mais une vraie famille.<br \/>\nAussi, en ces heures qui comptent, je m\u2019adresser directement \u00e0 vous, vous qui m\u2019avez port\u00e9 un soutien sans faille, en vous demandant de trouver ici, l\u2019expression de mes sinc\u00e8res remerciements.<br \/>\nJ\u2019ai une pens\u00e9e pleine de gratitude envers les membres du bureau de l\u2019Assembl\u00e9e nationale et tous les collaborateurs qui m\u2019ont accompagn\u00e9 tout au long de cette exaltante mission. \u00c0 ceux qui, dans l\u2019anonymat et pourtant avec efficacit\u00e9 font vivre notre Institution, je veux parler des chauffeurs, des gardes, des huissiers, des techniciens de surfaces, des secr\u00e9taires\u2026, j\u2019exprime ma particuli\u00e8re sympathie.<br \/>\nChers coll\u00e8gues, alors venons-en \u00e0 l\u2019ordre du jour de notre session extraordinaire. En ce mois de janvier 2019, j\u2019ai eu le privil\u00e8ge de plusieurs audiences avec le Pr\u00e9sident de la R\u00e9publique, notamment les 5 et 24 janvier. Il a \u00e9t\u00e9 question de mon engagement politique et de mon positionnement id\u00e9ologique vis-\u00e0-vis du Rassemblement des houphou\u00e9tistes pour la d\u00e9mocratie et la paix (RHDP). Cette question, aussi importante soit-elle, a n\u00e9cessit\u00e9 de ma part r\u00e9flexion et d\u00e9cision.<br \/>\nOui, j\u2019ai choisi de me pas m\u2019engager au sein du RHDP unifi\u00e9. Ainsi, je n\u2019ai point pris part au congr\u00e8s ordinaire du 26 janvier dernier au stade Houphou\u00ebt-Boigny. \u00ab Grave erreur ! Grave faute \u00bb, ont t\u00f4t faire de clamer certains de mes comp\u00e8res.<br \/>\nMais voyez-vous, je suis homme \u00e0 croire plus au jugement de l\u2019histoire qu\u2019au jugement des hommes.<br \/>\nEn ce qui me concerne, il ne peut \u00eatre question de d\u00e9fiance, mais plut\u00f4t du d\u00e9sir d\u2019harmonie entre mes convictions, mes valeurs et ma conscience. Et l\u00e0-dessus, c\u2019est sans h\u00e9sitation.<br \/>\nLe fait est que j\u2019\u00e9tais face \u00e0 un dilemme : soit trahir mes convictions en allant au congr\u00e8s du RHDP pour ainsi dire sauver un poste confortable, soit rendre ma d\u00e9mission de mes fonctions de pr\u00e9sident de l\u2019Assembl\u00e9e nationale et ainsi \u00eatre capable de me regarder moi-m\u00eame dans une glace. Y\u2019 avait-il une alternative ? Non, on ne m\u2019en donnait aucune, absolument aucune.<br \/>\n\u00c0 l\u2019inverse, refuser de d\u00e9missionner conduirait immanquablement \u00e0 la crise institutionnelle d\u00e9stabilisante avec le cort\u00e8ge de dommages pour la Nation.<br \/>\nChers coll\u00e8gues, on ne peut risquer de mettre en p\u00e9ril la paix fragile acquise apr\u00e8s tant de souffrances de nos concitoyens. Quand on a \u00e9t\u00e9 comme moi, ministre d\u2019\u00c9tat, Premier ministre, pr\u00e9sident de l\u2019Assembl\u00e9e nationale, c\u2019est une issue inenvisageable.<br \/>\nChers coll\u00e8gues, ce n\u2019est pas ce que je souhaite pour la C\u00f4te d\u2019Ivoire, moi qui, depuis un moment, me suis fait le disciple du pardon, de la r\u00e9conciliation et de la paix.<br \/>\nSachez-le, je ne suis pas homme \u00e0 m\u2019accrocher, comme un sans profit, \u00e0 un poste. On ne peut risquer la paix, parce que l\u2019on veut conserver un poste. N\u2019est-ce pas le pr\u00e9sident F\u00e9lix Houphou\u00ebt-Boigny qui all\u00e9guait qu\u2019aucun sacrifice n\u2019est trop grand quand il s\u2019agit de faire la paix.<br \/>\nCette sagesse du p\u00e8re fondateur de la C\u00f4te d\u2019Ivoire moderne ne m\u2019a jamais quitt\u00e9 de vue.<br \/>\nRassurez-vous, chers coll\u00e8gues je demeure serein tout en quittant ce poste ais\u00e9 de pr\u00e9sident de l\u2019Assembl\u00e9e nationale pour l\u2019aventure de mes convictions.<br \/>\nEn effet, je pr\u00e9f\u00e8re descendre de mon pi\u00e9destal, vivre et partager le quotidien de mes semblables, citoyens ordinaires, que de me complaire de l\u2019aisance de la posture institutionnelle. Je veux que de moi, mes concitoyens, mon \u00e9pouse, mes enfants, ma famille, mes collaborateurs, mes proches, mes compagnons, je pense au d\u00e9put\u00e9 Alain Lobognon et \u00e0 tous les autres qui sont actuellement en prison, retiennent de moi le souvenir d\u2019un homme de conviction,debout face aux lendemains incertains.<br \/>\nChers coll\u00e8gues, \u00e0 cet instant pr\u00e9cis, je rends ma d\u00e9mission de mes fonctions de pr\u00e9sident de l\u2019Assembl\u00e9e nationale de C\u00f4te d\u2019Ivoire.<br \/>\nOui, j\u2019ai d\u00e9cid\u00e9 de sacrifier mon poste pour la paix, pour la C\u00f4te d\u2019Ivoire, comme j\u2019ai eu \u00e0 le faire par le pass\u00e9. Me voil\u00e0 ainsi donc ancien pr\u00e9sident de l\u2019Assembl\u00e9e nationale de C\u00f4te d\u2019Ivoire, d\u00e9put\u00e9 de la Nation \u00e9lu de la circonscription \u00e9lectorale de Ferkess\u00e9dougou commune et vice-pr\u00e9sident \u00e9lu de l\u2019Assembl\u00e9e parlementaire de la Francophonie.<br \/>\nChers coll\u00e8gues, je demeurerai avec vous pour continuer \u00e0 travailler \u00e0 l\u2019\u00e9dification d\u2019une C\u00f4te d\u2019Ivoire riche et prosp\u00e8re, qui repose avant tout sur un \u00c9tat de droit et des bases d\u00e9mocratiques solides.<br \/>\nJe demeurerai avec vous pour continuer le combat du pardon, de la r\u00e9conciliation et de la paix.<br \/>\nCe combat, \u00e0 mes yeux, vaut plus que le poste de pr\u00e9sident de l\u2019Assembl\u00e9e nationale.<br \/>\nChers coll\u00e8gues, apr\u00e8s toutes les \u00e9preuves que j\u2019ai travers\u00e9es et dont vous \u00eates t\u00e9moins, j\u2019ai acquis la forte conviction que le destin de chacun d\u2019entre nous appartient \u00e0 Dieu.<br \/>\nDieu pourvoira.<br \/>\nMerci \u00e0 chacune et \u00e0 chacun.<br \/>\n\u00c0 bient\u00f4t. \u00bb<\/p>\n<p>&nbsp;<\/p>\n<p><strong><em>Par Olivier Dion<\/em><\/strong><\/p>\n","protected":false},"excerpt":{"rendered":"<p>Ci dessous la transcription par l\u2019IA du message de d\u00e9mission du Pr\u00e9sident de l\u2019Assembl\u00e9e nationale, Guillaume Soro, le vendredi 8 f\u00e9vrier 2019.<\/p>\n","protected":false},"author":3,"featured_media":12475,"comment_status":"closed","ping_status":"closed","sticky":false,"template":"","format":"standard","meta":{"_monsterinsights_skip_tracking":false,"_monsterinsights_sitenote_active":false,"_monsterinsights_sitenote_note":"","_monsterinsights_sitenote_category":0,"footnotes":""},"categories":[2,1,17],"tags":[],"class_list":["post-12474","post","type-post","status-publish","format-standard","has-post-thumbnail","hentry","category-featured","category-actualites","category-politique"],"_links":{"self":[{"href":"https:\/\/www.lintelligentdabidjan.info\/news\/wp-json\/wp\/v2\/posts\/12474","targetHints":{"allow":["GET"]}}],"collection":[{"href":"https:\/\/www.lintelligentdabidjan.info\/news\/wp-json\/wp\/v2\/posts"}],"about":[{"href":"https:\/\/www.lintelligentdabidjan.info\/news\/wp-json\/wp\/v2\/types\/post"}],"author":[{"embeddable":true,"href":"https:\/\/www.lintelligentdabidjan.info\/news\/wp-json\/wp\/v2\/users\/3"}],"replies":[{"embeddable":true,"href":"https:\/\/www.lintelligentdabidjan.info\/news\/wp-json\/wp\/v2\/comments?post=12474"}],"version-history":[{"count":3,"href":"https:\/\/www.lintelligentdabidjan.info\/news\/wp-json\/wp\/v2\/posts\/12474\/revisions"}],"predecessor-version":[{"id":12478,"href":"https:\/\/www.lintelligentdabidjan.info\/news\/wp-json\/wp\/v2\/posts\/12474\/revisions\/12478"}],"wp:featuredmedia":[{"embeddable":true,"href":"https:\/\/www.lintelligentdabidjan.info\/news\/wp-json\/wp\/v2\/media\/12475"}],"wp:attachment":[{"href":"https:\/\/www.lintelligentdabidjan.info\/news\/wp-json\/wp\/v2\/media?parent=12474"}],"wp:term":[{"taxonomy":"category","embeddable":true,"href":"https:\/\/www.lintelligentdabidjan.info\/news\/wp-json\/wp\/v2\/categories?post=12474"},{"taxonomy":"post_tag","embeddable":true,"href":"https:\/\/www.lintelligentdabidjan.info\/news\/wp-json\/wp\/v2\/tags?post=12474"}],"curies":[{"name":"wp","href":"https:\/\/api.w.org\/{rel}","templated":true}]}}