{"id":12538,"date":"2019-02-11T23:57:28","date_gmt":"2019-02-11T22:57:28","guid":{"rendered":"http:\/\/www.lintelligentdabidjan.info\/news\/?p=12538"},"modified":"2019-02-12T00:01:09","modified_gmt":"2019-02-11T23:01:09","slug":"presentation-du-rapport-du-suivi-de-la-mise-en-oeuvre-de-lagenda-2063-de-lunion-africaine-par-le-president-de-la-republique-s-e-m-alassane-ouattara","status":"publish","type":"post","link":"https:\/\/www.lintelligentdabidjan.info\/news\/presentation-du-rapport-du-suivi-de-la-mise-en-oeuvre-de-lagenda-2063-de-lunion-africaine-par-le-president-de-la-republique-s-e-m-alassane-ouattara\/","title":{"rendered":"Pr\u00e9sentation du Rapport du Suivi de la mise en oeuvre de l&#8217;Agenda 2063 de l&#8217;Union Africaine, par le Pr\u00e9sident de la R\u00e9publique, S.E.M. Alassane OUATTARA"},"content":{"rendered":"<p><strong>Le Chef de l\u2019Etat a pr\u00e9sent\u00e9 son Rapport sur l\u2019Agenda 2063 de l\u2019Union Africaine, \u00e0 Addis Abeba<\/strong><br \/>\n<strong>Au deuxi\u00e8me jour du 32\u00e8me Sommet ordinaire des Chefs d\u2019Etat et de Gouvernement de l\u2019Union Africaine, le Pr\u00e9sident de la R\u00e9publique, S.E.M. Alassane OUATTARA, d\u00e9sign\u00e9 par ses Pairs, en Janvier 2017, pour le Suivi de la mise en \u0153uvre de l\u2019Agenda 2063 de l\u2019Union Africaine et de son premier Plan D\u00e9cennal (2014-2023), a pr\u00e9sent\u00e9, ce lundi 11 f\u00e9vrier 2019, son premier Rapport d\u2019\u00e9tape.<\/strong><!--more--><br \/>\nL\u2019Agenda 2063, adopt\u00e9 lors de la 24\u00e8me Session ordinaire de la Conf\u00e9rence des Chefs d\u2019Etat et de Gouvernement de l\u2019Union africaine, constitue l\u2019instrument strat\u00e9gique pour la transformation socio-\u00e9conomique et l\u2019int\u00e9gration \u00e0 long terme de notre continent.<br \/>\nCette vision s\u2019op\u00e9rationnalise \u00e0 travers des Plans D\u00e9cennaux qui permettront aux<br \/>\nEtats, aux Communaut\u00e9s Economiques R\u00e9gionales et aux Organes de l\u2019Union<br \/>\nAfricaine, de pr\u00e9parer et de mettre en \u0153uvre leurs programmes de d\u00e9veloppement \u00e0 court et moyen terme.<br \/>\nDans ce cadre, la pr\u00e9sentation du premier Rapport d\u2019\u00e9tape du Pr\u00e9sident Alassane<br \/>\nOuattara a port\u00e9 sur les progr\u00e8s accomplis au cours des cinq premi\u00e8res ann\u00e9es de<br \/>\nmise en \u0153uvre du premier Plan D\u00e9cennal de l\u2019Agenda 2063, les principaux d\u00e9fis<br \/>\nrencontr\u00e9s ainsi que les Perspectives et Recommandations.<\/p>\n<div id='gallery-1' class='gallery galleryid-12538 gallery-columns-3 gallery-size-thumbnail'><figure class='gallery-item'>\n\t\t\t<div class='gallery-icon landscape'>\n\t\t\t\t<a href='https:\/\/www.lintelligentdabidjan.info\/news\/wp-content\/uploads\/2019\/02\/RPR0974.jpg'><img loading=\"lazy\" decoding=\"async\" width=\"150\" height=\"150\" src=\"https:\/\/www.lintelligentdabidjan.info\/news\/wp-content\/uploads\/2019\/02\/RPR0974-150x150.jpg\" class=\"attachment-thumbnail size-thumbnail\" alt=\"\" \/><\/a>\n\t\t\t<\/div><\/figure><figure class='gallery-item'>\n\t\t\t<div class='gallery-icon landscape'>\n\t\t\t\t<a href='https:\/\/www.lintelligentdabidjan.info\/news\/wp-content\/uploads\/2019\/02\/RPR1003.jpg'><img loading=\"lazy\" decoding=\"async\" width=\"150\" height=\"150\" src=\"https:\/\/www.lintelligentdabidjan.info\/news\/wp-content\/uploads\/2019\/02\/RPR1003-150x150.jpg\" class=\"attachment-thumbnail size-thumbnail\" alt=\"\" \/><\/a>\n\t\t\t<\/div><\/figure><figure class='gallery-item'>\n\t\t\t<div class='gallery-icon landscape'>\n\t\t\t\t<a href='https:\/\/www.lintelligentdabidjan.info\/news\/wp-content\/uploads\/2019\/02\/RPR1032.jpg'><img loading=\"lazy\" decoding=\"async\" width=\"150\" height=\"150\" src=\"https:\/\/www.lintelligentdabidjan.info\/news\/wp-content\/uploads\/2019\/02\/RPR1032-150x150.jpg\" class=\"attachment-thumbnail size-thumbnail\" alt=\"\" \/><\/a>\n\t\t\t<\/div><\/figure>\n\t\t<\/div>\n<br \/>\nS\u2019adressant \u00e0 la Presse au terme de sa pr\u00e9sentation, le Chef de l\u2019Etat a indiqu\u00e9 que le Rapport sur le Suivi de la mise en \u0153uvre de l\u2019Agenda 2063 a \u00e9t\u00e9 bien appr\u00e9ci\u00e9 par ses homologues, les Dirigeants du l\u2019Union Africaine ainsi que par les diff\u00e9rents Experts et participants \u00e0 ce Sommet.<br \/>\nIl s\u2019est f\u00e9licit\u00e9 du choix de la C\u00f4te d\u2019Ivoire pour le suivi de ce chantier, ce qui est le<br \/>\nt\u00e9moignage de la confiance des Responsables de l\u2019Institution panafricaine en notre pays et la reconnaissance des \u00ab r\u00e9sultats exceptionnels \u00bb r\u00e9alis\u00e9s par la C\u00f4te d\u2019Ivoire au cours de ces derni\u00e8res ann\u00e9es.<br \/>\nIl a ajout\u00e9 qu\u2019\u00e0 travers l\u2019Agenda 2063, il s\u2019agit \u00ab d\u2019analyser et de voir ce que sera<br \/>\nl\u2019Afrique dans un demi- si\u00e8cle \u00bb, en travaillant sur cinquante-cinq (55) pays qui ont, chacun des sp\u00e9cificit\u00e9s, en fonction des r\u00e9gions, de leur taille et de leurs ressources propres.<br \/>\nIl a donc invit\u00e9 les diff\u00e9rents \u00c9tats \u00e0 harmoniser leurs plans de d\u00e9veloppement pour les int\u00e9grer, dans un premier temps, dans celui des Nations Unies de 2030, et<br \/>\nensuite, par dizaine d\u2019ann\u00e9es jusqu\u2019en 2063 ; \u00e0 l\u2019instar de la C\u00f4te d\u2019Ivoire qui s\u2019est d\u00e9j\u00e0 engag\u00e9e, selon lui, dans cette voie.<br \/>\nPour terminer, le Pr\u00e9sident de la R\u00e9publique a salu\u00e9 la qualit\u00e9 des \u00e9changes au cours de cette 32\u00e8me Session ordinaire de la Conf\u00e9rence des Chefs d\u2019Etat et de Gouvernement de l\u2019Union Africaine et s\u2019est engag\u00e9 \u00e0 tout mettre en \u0153uvre pour assurer l\u2019appropriation et la mise en \u0153uvre r\u00e9ussie de l\u2019Agenda 2063, afin d\u2019honorer la confiance que l\u2019Union Africaine a plac\u00e9e en la C\u00f4te d\u2019Ivoire.<br \/>\nNotons qu\u2019au terme des travaux, le Chef de l\u2019Etat a quitt\u00e9 Addis Abeba pour la<br \/>\nFrance, o\u00f9 il aura un entretien, le vendredi 15 f\u00e9vrier prochain, avec son homologue<br \/>\nfran\u00e7ais, S.E.M. Emmanuel Macron.<\/p>\n","protected":false},"excerpt":{"rendered":"<p>Le Chef de l\u2019Etat a pr\u00e9sent\u00e9 son Rapport sur l\u2019Agenda 2063 de l\u2019Union Africaine, \u00e0 Addis Abeba Au deuxi\u00e8me jour du 32\u00e8me Sommet ordinaire des Chefs d\u2019Etat et de Gouvernement de l\u2019Union Africaine, le Pr\u00e9sident de la R\u00e9publique, S.E.M. Alassane OUATTARA, d\u00e9sign\u00e9 par ses Pairs, en Janvier 2017, pour le Suivi de la mise en [&hellip;]<\/p>\n","protected":false},"author":2,"featured_media":12541,"comment_status":"closed","ping_status":"closed","sticky":false,"template":"","format":"standard","meta":{"_monsterinsights_skip_tracking":false,"_monsterinsights_sitenote_active":false,"_monsterinsights_sitenote_note":"","_monsterinsights_sitenote_category":0,"footnotes":""},"categories":[2,17],"tags":[],"class_list":["post-12538","post","type-post","status-publish","format-standard","has-post-thumbnail","hentry","category-featured","category-politique"],"_links":{"self":[{"href":"https:\/\/www.lintelligentdabidjan.info\/news\/wp-json\/wp\/v2\/posts\/12538","targetHints":{"allow":["GET"]}}],"collection":[{"href":"https:\/\/www.lintelligentdabidjan.info\/news\/wp-json\/wp\/v2\/posts"}],"about":[{"href":"https:\/\/www.lintelligentdabidjan.info\/news\/wp-json\/wp\/v2\/types\/post"}],"author":[{"embeddable":true,"href":"https:\/\/www.lintelligentdabidjan.info\/news\/wp-json\/wp\/v2\/users\/2"}],"replies":[{"embeddable":true,"href":"https:\/\/www.lintelligentdabidjan.info\/news\/wp-json\/wp\/v2\/comments?post=12538"}],"version-history":[{"count":1,"href":"https:\/\/www.lintelligentdabidjan.info\/news\/wp-json\/wp\/v2\/posts\/12538\/revisions"}],"predecessor-version":[{"id":12543,"href":"https:\/\/www.lintelligentdabidjan.info\/news\/wp-json\/wp\/v2\/posts\/12538\/revisions\/12543"}],"wp:featuredmedia":[{"embeddable":true,"href":"https:\/\/www.lintelligentdabidjan.info\/news\/wp-json\/wp\/v2\/media\/12541"}],"wp:attachment":[{"href":"https:\/\/www.lintelligentdabidjan.info\/news\/wp-json\/wp\/v2\/media?parent=12538"}],"wp:term":[{"taxonomy":"category","embeddable":true,"href":"https:\/\/www.lintelligentdabidjan.info\/news\/wp-json\/wp\/v2\/categories?post=12538"},{"taxonomy":"post_tag","embeddable":true,"href":"https:\/\/www.lintelligentdabidjan.info\/news\/wp-json\/wp\/v2\/tags?post=12538"}],"curies":[{"name":"wp","href":"https:\/\/api.w.org\/{rel}","templated":true}]}}