{"id":13095,"date":"2019-03-23T18:05:50","date_gmt":"2019-03-23T17:05:50","guid":{"rendered":"http:\/\/www.lintelligentdabidjan.info\/news\/?p=13095"},"modified":"2019-03-23T18:05:50","modified_gmt":"2019-03-23T17:05:50","slug":"cote-divoire-honteux-que-gbagbo-soit-dans-une-bataille-pour-le-controle-du-fpi-avec-moi-affi","status":"publish","type":"post","link":"https:\/\/www.lintelligentdabidjan.info\/news\/cote-divoire-honteux-que-gbagbo-soit-dans-une-bataille-pour-le-controle-du-fpi-avec-moi-affi\/","title":{"rendered":"C\u00f4te d\u2019Ivoire : honteux que Gbagbo soit dans une bataille pour le contr\u00f4le du FPI avec moi (Affi)"},"content":{"rendered":"<p><em>Rentr\u00e9 le vendredi 22 mars 2019 de France, apr\u00e8s une rencontre avort\u00e9e avec Laurent Gbagbo, Affi N\u2019guessan, Pr\u00e9sident du Fpi, est en ce moment face \u00e0 la presse ( samedi 23 mars 2019). L\u2019IA donne \u00e0 chaud des extraits de ses propos.<\/em><\/p>\n<p>\u2014\u2014\u2014\u2014\u2014\u2014\u2014\u2014\u2014\u2014\u2014\u2014\u2014\u2014\u2014\u2014\u2014\u2014\u2014-<\/p>\n<p>\u00ab Gbagbo n&#8217;est pas pr\u00e9sident du FPI, il est le fondateur du FPI. \u00catre pr\u00e9sident c&#8217;est une chose, \u00eatre fondateur est une chose \u00bb.<br \/>\n\u00ab Ce n&#8217;est pas parce que nous avons de la consid\u00e9ration pour le pr\u00e9sident Gbagbo que nous allons dire des choses qui ne sont pas vraies \u00bb.<\/p>\n<p>\u00ab Assoa Adou ne peut pas \u00eatre un interm\u00e9diaire fiable entre Gbagbo et moi, parce que nous sommes concurrents. Aka Emannuel a montr\u00e9 qu&#8217;il n&#8217;a pas de camp \u00bb.<\/p>\n<p>\u00ab Je connais Akcah Emmanuel parce que nous sommes de la m\u00eame confession. Il n&#8217;est pas militant du FPI \u00bb.<\/p>\n<p>&nbsp;<\/p>\n<p>\u00ab Le pr\u00e9sident Gbagbo n&#8217;est pas le pr\u00e9sident du FPI. Ni aujourd&#8217;hui ni demain je ne reconna\u00eetrai \u00e7a . O\u00f9 a-t-il \u00e9t\u00e9 \u00e9lu ? A La Haye ? \u00bb.<\/p>\n<p>\u00ab Je trouve honteux que le pr\u00e9sident Gbagbo soit dans une bataille pour le contr\u00f4le du FPI avec moi \u00bb.<\/p>\n<p>\u00ab Ce n&#8217;est pas une machination de mes adversaires. Laurent Gbagbo a d\u00e9montr\u00e9 l\u00e0 qu&#8217;il est le chef de la fronde. Mais je pr\u00e9f\u00e8re fermer les yeux l\u00e0-dessus \u00bb.<\/p>\n<p>\u00ab Ce n&#8217;est pas le FPI qui l&#8217;int\u00e9resse, c&#8217;est l&#8217;assassinat politique d&#8217;Affi. En d\u00e9finitive, je comprends que m\u00eame si je fais cette d\u00e9claration, il ne va pas me recevoir \u00bb.<\/p>\n<p>\u00ab L\u2019unit\u00e9 du FPI est possible si Laurent Gbagbo sort de la fronde. Cette posture ne lui ressemble. Comment le p\u00e8re de la d\u00e9mocratie peut \u00eatre pr\u00e9sident du FPI par la simple d\u00e9claration d&#8217;un individu ? Il ne faut pas qu&#8217;il prenne en otage une partie du FPI \u00bb.<\/p>\n<p>Par Olivier Dion<\/p>\n","protected":false},"excerpt":{"rendered":"<p>Rentr\u00e9 le vendredi 22 mars 2019 de France, apr\u00e8s une rencontre avort\u00e9e avec Laurent Gbagbo, Affi N\u2019guessan, Pr\u00e9sident du Fpi, est en ce moment face \u00e0 la presse ( samedi 23 mars 2019). L\u2019IA donne \u00e0 chaud des extraits de ses propos. \u2014\u2014\u2014\u2014\u2014\u2014\u2014\u2014\u2014\u2014\u2014\u2014\u2014\u2014\u2014\u2014\u2014\u2014\u2014- \u00ab Gbagbo n&#8217;est pas pr\u00e9sident du FPI, il est le fondateur du [&hellip;]<\/p>\n","protected":false},"author":3,"featured_media":13096,"comment_status":"closed","ping_status":"closed","sticky":false,"template":"","format":"standard","meta":{"_monsterinsights_skip_tracking":false,"_monsterinsights_sitenote_active":false,"_monsterinsights_sitenote_note":"","_monsterinsights_sitenote_category":0,"footnotes":""},"categories":[2,17],"tags":[],"class_list":["post-13095","post","type-post","status-publish","format-standard","has-post-thumbnail","hentry","category-featured","category-politique"],"_links":{"self":[{"href":"https:\/\/www.lintelligentdabidjan.info\/news\/wp-json\/wp\/v2\/posts\/13095","targetHints":{"allow":["GET"]}}],"collection":[{"href":"https:\/\/www.lintelligentdabidjan.info\/news\/wp-json\/wp\/v2\/posts"}],"about":[{"href":"https:\/\/www.lintelligentdabidjan.info\/news\/wp-json\/wp\/v2\/types\/post"}],"author":[{"embeddable":true,"href":"https:\/\/www.lintelligentdabidjan.info\/news\/wp-json\/wp\/v2\/users\/3"}],"replies":[{"embeddable":true,"href":"https:\/\/www.lintelligentdabidjan.info\/news\/wp-json\/wp\/v2\/comments?post=13095"}],"version-history":[{"count":1,"href":"https:\/\/www.lintelligentdabidjan.info\/news\/wp-json\/wp\/v2\/posts\/13095\/revisions"}],"predecessor-version":[{"id":13097,"href":"https:\/\/www.lintelligentdabidjan.info\/news\/wp-json\/wp\/v2\/posts\/13095\/revisions\/13097"}],"wp:featuredmedia":[{"embeddable":true,"href":"https:\/\/www.lintelligentdabidjan.info\/news\/wp-json\/wp\/v2\/media\/13096"}],"wp:attachment":[{"href":"https:\/\/www.lintelligentdabidjan.info\/news\/wp-json\/wp\/v2\/media?parent=13095"}],"wp:term":[{"taxonomy":"category","embeddable":true,"href":"https:\/\/www.lintelligentdabidjan.info\/news\/wp-json\/wp\/v2\/categories?post=13095"},{"taxonomy":"post_tag","embeddable":true,"href":"https:\/\/www.lintelligentdabidjan.info\/news\/wp-json\/wp\/v2\/tags?post=13095"}],"curies":[{"name":"wp","href":"https:\/\/api.w.org\/{rel}","templated":true}]}}