{"id":13155,"date":"2019-03-25T18:29:36","date_gmt":"2019-03-25T17:29:36","guid":{"rendered":"http:\/\/www.lintelligentdabidjan.info\/news\/?p=13155"},"modified":"2019-03-25T18:46:22","modified_gmt":"2019-03-25T17:46:22","slug":"plateau-ehouo-annonce-son-installation-mardi-26-mars-2019","status":"publish","type":"post","link":"https:\/\/www.lintelligentdabidjan.info\/news\/plateau-ehouo-annonce-son-installation-mardi-26-mars-2019\/","title":{"rendered":"Plateau : Ehouo annonce une passation des charges le mardi 26 mars 2019"},"content":{"rendered":"<p style=\"text-align: left;\"><strong>Les 25 membres du conseil municipal du Plateau, ont \u00e9t\u00e9 convoqu\u00e9s au minist\u00e8re de l\u2019int\u00e9rieur et de la s\u00e9curit\u00e9 , lundi 25 mars 2019, 48 heures apr\u00e8s l\u2019\u00e9lection du maire ( Ehouo Jacques) et de ses deux adjoints ( Michel Koblavi et Guy ).<\/strong><\/p>\n<div dir=\"ltr\">Au d\u00e9but de la r\u00e9union, et \u00e0 l\u2019arriv\u00e9e des conseillers, rien n\u2019avait encore filtr\u00e9, puisqu\u2019aucun ordre du jour n\u2019avait \u00e9t\u00e9 r\u00e9v\u00e9l\u00e9 par la tutelle, dans l\u2019invitation \u00e0 la r\u00e9union. Face \u00e0 la presse vers 17:20 \u00e0 la fin des \u00e9changes, Ehouo Jacques a annonc\u00e9 la passation de charges, mardi 26 mars 2019, \u00e0 12 : 00.<\/div>\n<div dir=\"ltr\"><\/div>\n<div dir=\"ltr\"><\/div>\n<div dir=\"ltr\">Cette passation entre lui et le Pr\u00e9fet d\u2019Abidjan qui assurait la gestion de la d\u00e9l\u00e9gation sp\u00e9ciale, devrait marquer le retour \u00e0 la normalit\u00e9 dans la gestion des affaires de la cit\u00e9.<\/div>\n<div dir=\"ltr\"><\/div>\n<div dir=\"ltr\"><\/div>\n<div dir=\"ltr\"><\/div>\n<div dir=\"ltr\"><\/div>\n<div dir=\"ltr\"><\/div>\n<div dir=\"ltr\">Olivier D<\/div>\n","protected":false},"excerpt":{"rendered":"<p>Les 25 membres du conseil municipal du Plateau, ont \u00e9t\u00e9 convoqu\u00e9s au minist\u00e8re de l\u2019int\u00e9rieur et de la s\u00e9curit\u00e9 , lundi 25 mars 2019, 48 heures apr\u00e8s l\u2019\u00e9lection du maire ( Ehouo Jacques) et de ses deux adjoints ( Michel Koblavi et Guy ). Au d\u00e9but de la r\u00e9union, et \u00e0 l\u2019arriv\u00e9e des conseillers, rien [&hellip;]<\/p>\n","protected":false},"author":3,"featured_media":13156,"comment_status":"closed","ping_status":"closed","sticky":false,"template":"","format":"standard","meta":{"_monsterinsights_skip_tracking":false,"_monsterinsights_sitenote_active":false,"_monsterinsights_sitenote_note":"","_monsterinsights_sitenote_category":0,"footnotes":""},"categories":[2,17],"tags":[],"class_list":["post-13155","post","type-post","status-publish","format-standard","has-post-thumbnail","hentry","category-featured","category-politique"],"_links":{"self":[{"href":"https:\/\/www.lintelligentdabidjan.info\/news\/wp-json\/wp\/v2\/posts\/13155","targetHints":{"allow":["GET"]}}],"collection":[{"href":"https:\/\/www.lintelligentdabidjan.info\/news\/wp-json\/wp\/v2\/posts"}],"about":[{"href":"https:\/\/www.lintelligentdabidjan.info\/news\/wp-json\/wp\/v2\/types\/post"}],"author":[{"embeddable":true,"href":"https:\/\/www.lintelligentdabidjan.info\/news\/wp-json\/wp\/v2\/users\/3"}],"replies":[{"embeddable":true,"href":"https:\/\/www.lintelligentdabidjan.info\/news\/wp-json\/wp\/v2\/comments?post=13155"}],"version-history":[{"count":4,"href":"https:\/\/www.lintelligentdabidjan.info\/news\/wp-json\/wp\/v2\/posts\/13155\/revisions"}],"predecessor-version":[{"id":13160,"href":"https:\/\/www.lintelligentdabidjan.info\/news\/wp-json\/wp\/v2\/posts\/13155\/revisions\/13160"}],"wp:featuredmedia":[{"embeddable":true,"href":"https:\/\/www.lintelligentdabidjan.info\/news\/wp-json\/wp\/v2\/media\/13156"}],"wp:attachment":[{"href":"https:\/\/www.lintelligentdabidjan.info\/news\/wp-json\/wp\/v2\/media?parent=13155"}],"wp:term":[{"taxonomy":"category","embeddable":true,"href":"https:\/\/www.lintelligentdabidjan.info\/news\/wp-json\/wp\/v2\/categories?post=13155"},{"taxonomy":"post_tag","embeddable":true,"href":"https:\/\/www.lintelligentdabidjan.info\/news\/wp-json\/wp\/v2\/tags?post=13155"}],"curies":[{"name":"wp","href":"https:\/\/api.w.org\/{rel}","templated":true}]}}