{"id":13177,"date":"2019-03-26T16:11:30","date_gmt":"2019-03-26T15:11:30","guid":{"rendered":"http:\/\/www.lintelligentdabidjan.info\/news\/?p=13177"},"modified":"2019-03-26T18:15:10","modified_gmt":"2019-03-26T17:15:10","slug":"installe-maire-du-plateau-ehouo-veut-rencontrer-ouattara-et-tend-la-main-a-son-frere-sawegnon","status":"publish","type":"post","link":"https:\/\/www.lintelligentdabidjan.info\/news\/installe-maire-du-plateau-ehouo-veut-rencontrer-ouattara-et-tend-la-main-a-son-frere-sawegnon\/","title":{"rendered":"Install\u00e9 maire du Plateau, Ehouo veut rencontrer Ouattara et tend la main \u00e0 son fr\u00e8re Saw\u00e9gnon"},"content":{"rendered":"<p><strong>Comme il l\u2019a annonc\u00e9 le lundi 25 mars 2019, Jacques Gabriel Ehouo, maire \u00e9lu du Plateau, a re\u00e7u mardi 26 mars 2019, sous la supervision de l\u2019inspecteur g\u00e9n\u00e9ral du minist\u00e8re de l\u2019int\u00e9rieur et de la s\u00e9curit\u00e9, les les dossiers de sa mission des mains du Pr\u00e9fet d\u2019Abidjan qui assurait la direction de la d\u00e9l\u00e9gation sp\u00e9ciale mise en place par le gouvernement depuis janvier 2019, pour g\u00e9rer les affaires de la commune, pour cause de proc\u00e9dure judiciaire. \u00a0<\/strong><\/p>\n<p>\u2014\u2014\u2014\u2014\u2014\u2014\u2014\u2014\u2014\u2014\u2014\u2014\u2014\u2014\u2014\u2014\u2014\u2014\u2014-<\/p>\n<div dir=\"ltr\">\u00ab Les \u00e9lections sont termin\u00e9es Monsieur le maire. Il n&#8217;y a plus de liste RHDP ou PDCI. Les populations n&#8217;ont pas de couleur. Apprenez \u00e0 marcher dans les pas du Pr\u00e9sident de la R\u00e9publique.\u00a0Vos agents sont divis\u00e9s. Certains ont vot\u00e9 pour vous, d&#8217;autres ne l&#8217;ont pas fait. Ils ne doivent pas \u00eatre sanctionn\u00e9s pour cela \u00bb, a conseill\u00e9 le<\/div>\n<div dir=\"ltr\">Pr\u00e9fet-d\u00e9l\u00e9gu\u00e9 g\u00e9n\u00e9ral,\u00a0Vincent Toh-Bi, dans son adresse en pr\u00e9sence notamment de<br \/>\nZi\u00e9 Daouda, d\u00e9put\u00e9 de Yopougon,\u00a0\u00a0Jean Marc Yac\u00e9 maire de Cocody, des d\u00e9put\u00e9s de Yamoussoukro, Marcory et Prikro.<\/div>\n<div dir=\"ltr\"><\/div>\n<div dir=\"ltr\"><\/div>\n<div dir=\"ltr\"><\/div>\n<div dir=\"ltr\"><\/div>\n<div dir=\"ltr\">\u00ab Nous disons merci au Pr\u00e9sident Ouattara pour avoir permis cette installation. Nous allons, avec le conseil municipal, demander une audience dans les jours \u00e0 venir.\u00a0Je tends la main \u00e0 mon fr\u00e8re Fabrice Saw\u00e9gnon qui est en voyage, pour que nous d\u00e9veloppions ensemble le Plateau \u00bb, a assur\u00e9 de son c\u00f4t\u00e9 Ehouo Jacques.<\/div>\n<div dir=\"ltr\"><\/div>\n<div dir=\"ltr\"><\/div>\n<div dir=\"ltr\"><\/div>\n<div dir=\"ltr\"><\/div>\n<div dir=\"ltr\"><\/div>\n<div dir=\"ltr\">Il a ensuite proc\u00e9d\u00e9 \u00e0 la signature symbolique des documents remis par le Pr\u00e9fet, qui a rappel\u00e9 que selon la loi, Ehouo Jacques dispose de six mois pour faire des observations.<\/div>\n<div dir=\"ltr\"><\/div>\n<div dir=\"ltr\"><\/div>\n<div dir=\"ltr\"><\/div>\n<div dir=\"ltr\"><\/div>\n<div dir=\"ltr\"><\/div>\n<div dir=\"ltr\"><\/div>\n<div dir=\"ltr\"><\/div>\n<div dir=\"ltr\">Venues soutenir leur premier magistrat et le conseil municipal,<\/div>\n<div dir=\"ltr\">les populations du Plateau, se sont signal\u00e9es par plusieurs applaudissements et ovations au cours de la c\u00e9r\u00e9monie de passation des charges , qui s\u2019est d\u00e9roul\u00e9e dans la cour de la mairie, apr\u00e8s une petite r\u00e9union, \u00e0 huis clos, entre le nouveau maire, les agents et le Pr\u00e9fet d\u2019Abidjan.<\/div>\n<div dir=\"ltr\"><\/div>\n<div dir=\"ltr\"><\/div>\n<div dir=\"ltr\"><\/div>\n<div dir=\"ltr\"><\/div>\n<div dir=\"ltr\"><\/div>\n<div dir=\"ltr\"><\/div>\n<div dir=\"ltr\"><\/div>\n<div dir=\"ltr\"><\/div>\n<div dir=\"ltr\"><strong>Soualiho<\/strong><\/div>\n<p>&nbsp;<\/p>\n<p>&nbsp;<\/p>\n","protected":false},"excerpt":{"rendered":"<p>Comme il l\u2019a annonc\u00e9 le lundi 25 mars 2019, Jacques Gabriel Ehouo, maire \u00e9lu du Plateau, a re\u00e7u mardi 26 mars 2019, sous la supervision de l\u2019inspecteur g\u00e9n\u00e9ral du minist\u00e8re de l\u2019int\u00e9rieur et de la s\u00e9curit\u00e9, les les dossiers de sa mission des mains du Pr\u00e9fet d\u2019Abidjan qui assurait la direction de la d\u00e9l\u00e9gation sp\u00e9ciale [&hellip;]<\/p>\n","protected":false},"author":3,"featured_media":13179,"comment_status":"closed","ping_status":"closed","sticky":false,"template":"","format":"standard","meta":{"_monsterinsights_skip_tracking":false,"_monsterinsights_sitenote_active":false,"_monsterinsights_sitenote_note":"","_monsterinsights_sitenote_category":0,"footnotes":""},"categories":[2,17],"tags":[],"class_list":["post-13177","post","type-post","status-publish","format-standard","has-post-thumbnail","hentry","category-featured","category-politique"],"_links":{"self":[{"href":"https:\/\/www.lintelligentdabidjan.info\/news\/wp-json\/wp\/v2\/posts\/13177","targetHints":{"allow":["GET"]}}],"collection":[{"href":"https:\/\/www.lintelligentdabidjan.info\/news\/wp-json\/wp\/v2\/posts"}],"about":[{"href":"https:\/\/www.lintelligentdabidjan.info\/news\/wp-json\/wp\/v2\/types\/post"}],"author":[{"embeddable":true,"href":"https:\/\/www.lintelligentdabidjan.info\/news\/wp-json\/wp\/v2\/users\/3"}],"replies":[{"embeddable":true,"href":"https:\/\/www.lintelligentdabidjan.info\/news\/wp-json\/wp\/v2\/comments?post=13177"}],"version-history":[{"count":4,"href":"https:\/\/www.lintelligentdabidjan.info\/news\/wp-json\/wp\/v2\/posts\/13177\/revisions"}],"predecessor-version":[{"id":13186,"href":"https:\/\/www.lintelligentdabidjan.info\/news\/wp-json\/wp\/v2\/posts\/13177\/revisions\/13186"}],"wp:featuredmedia":[{"embeddable":true,"href":"https:\/\/www.lintelligentdabidjan.info\/news\/wp-json\/wp\/v2\/media\/13179"}],"wp:attachment":[{"href":"https:\/\/www.lintelligentdabidjan.info\/news\/wp-json\/wp\/v2\/media?parent=13177"}],"wp:term":[{"taxonomy":"category","embeddable":true,"href":"https:\/\/www.lintelligentdabidjan.info\/news\/wp-json\/wp\/v2\/categories?post=13177"},{"taxonomy":"post_tag","embeddable":true,"href":"https:\/\/www.lintelligentdabidjan.info\/news\/wp-json\/wp\/v2\/tags?post=13177"}],"curies":[{"name":"wp","href":"https:\/\/api.w.org\/{rel}","templated":true}]}}