{"id":13196,"date":"2019-03-27T11:21:51","date_gmt":"2019-03-27T10:21:51","guid":{"rendered":"http:\/\/www.lintelligentdabidjan.info\/news\/?p=13196"},"modified":"2019-03-27T15:50:36","modified_gmt":"2019-03-27T14:50:36","slug":"cote-divoire-mort-de-adama-ky-a-bouake-amy-toungara-deputee-de-treichville-en-deuil","status":"publish","type":"post","link":"https:\/\/www.lintelligentdabidjan.info\/news\/cote-divoire-mort-de-adama-ky-a-bouake-amy-toungara-deputee-de-treichville-en-deuil\/","title":{"rendered":"C\u00f4te d\u2019Ivoire: mort de Adama Ky \u00e0 Bouak\u00e9-Amy Toungara, d\u00e9put\u00e9e de Treichville, en deuil"},"content":{"rendered":"<p><strong>La d\u00e9put\u00e9e de Treichville, Amy Toungara est en deuil. Elle a perdu son premier \u00e9poux, le p\u00e8re de ses premiers enfants, Adama Ky.<\/strong><\/p>\n<p>\u2014\u2014\u2014\u2014\u2014\u2014\u2014\u2014\u2014\u2014\u2014\u2014\u2014\u2014\u2014\u2014\u2014\u2014<\/p>\n<p>L\u2019IA qui a appris l&#8217;information mercredi 27 mars 2019, 24 heures apr\u00e8s le d\u00e9c\u00e8s, pr\u00e9sente ses condol\u00e9ances \u00e0 ses proches et \u00e0 la d\u00e9put\u00e9e, en partance pour Bouak\u00e9.<\/p>\n<div dir=\"ltr\">L\u2019inhumation est pr\u00e9vue vendredi dans la ville, tandis que la c\u00e9r\u00e9monie de 7 \u00e8me jour y est pr\u00e9vue dimanche 31 mars 2019.<\/div>\n<div dir=\"ltr\"><\/div>\n<div dir=\"ltr\">\n<p><strong>La r\u00e9daction<\/strong><\/p>\n<\/div>\n<p>&nbsp;<\/p>\n<p>&nbsp;<\/p>\n<p>&nbsp;<\/p>\n","protected":false},"excerpt":{"rendered":"<p>La d\u00e9put\u00e9e de Treichville, Amy Toungara est en deuil. Elle a perdu son premier \u00e9poux, le p\u00e8re de ses premiers enfants, Adama Ky. \u2014\u2014\u2014\u2014\u2014\u2014\u2014\u2014\u2014\u2014\u2014\u2014\u2014\u2014\u2014\u2014\u2014\u2014 L\u2019IA qui a appris l&#8217;information mercredi 27 mars 2019, 24 heures apr\u00e8s le d\u00e9c\u00e8s, pr\u00e9sente ses condol\u00e9ances \u00e0 ses proches et \u00e0 la d\u00e9put\u00e9e, en partance pour Bouak\u00e9. L\u2019inhumation est pr\u00e9vue [&hellip;]<\/p>\n","protected":false},"author":3,"featured_media":13199,"comment_status":"closed","ping_status":"closed","sticky":false,"template":"","format":"standard","meta":{"_monsterinsights_skip_tracking":false,"_monsterinsights_sitenote_active":false,"_monsterinsights_sitenote_note":"","_monsterinsights_sitenote_category":0,"footnotes":""},"categories":[2,17],"tags":[],"class_list":["post-13196","post","type-post","status-publish","format-standard","has-post-thumbnail","hentry","category-featured","category-politique"],"_links":{"self":[{"href":"https:\/\/www.lintelligentdabidjan.info\/news\/wp-json\/wp\/v2\/posts\/13196","targetHints":{"allow":["GET"]}}],"collection":[{"href":"https:\/\/www.lintelligentdabidjan.info\/news\/wp-json\/wp\/v2\/posts"}],"about":[{"href":"https:\/\/www.lintelligentdabidjan.info\/news\/wp-json\/wp\/v2\/types\/post"}],"author":[{"embeddable":true,"href":"https:\/\/www.lintelligentdabidjan.info\/news\/wp-json\/wp\/v2\/users\/3"}],"replies":[{"embeddable":true,"href":"https:\/\/www.lintelligentdabidjan.info\/news\/wp-json\/wp\/v2\/comments?post=13196"}],"version-history":[{"count":5,"href":"https:\/\/www.lintelligentdabidjan.info\/news\/wp-json\/wp\/v2\/posts\/13196\/revisions"}],"predecessor-version":[{"id":13214,"href":"https:\/\/www.lintelligentdabidjan.info\/news\/wp-json\/wp\/v2\/posts\/13196\/revisions\/13214"}],"wp:featuredmedia":[{"embeddable":true,"href":"https:\/\/www.lintelligentdabidjan.info\/news\/wp-json\/wp\/v2\/media\/13199"}],"wp:attachment":[{"href":"https:\/\/www.lintelligentdabidjan.info\/news\/wp-json\/wp\/v2\/media?parent=13196"}],"wp:term":[{"taxonomy":"category","embeddable":true,"href":"https:\/\/www.lintelligentdabidjan.info\/news\/wp-json\/wp\/v2\/categories?post=13196"},{"taxonomy":"post_tag","embeddable":true,"href":"https:\/\/www.lintelligentdabidjan.info\/news\/wp-json\/wp\/v2\/tags?post=13196"}],"curies":[{"name":"wp","href":"https:\/\/api.w.org\/{rel}","templated":true}]}}