{"id":13210,"date":"2019-03-27T15:41:37","date_gmt":"2019-03-27T14:41:37","guid":{"rendered":"http:\/\/www.lintelligentdabidjan.info\/news\/?p=13210"},"modified":"2019-03-27T15:49:35","modified_gmt":"2019-03-27T14:49:35","slug":"cote-divoire-kemi-seba-expulse-pour-risque-de-troubles-a-lordre-public-officiel","status":"publish","type":"post","link":"https:\/\/www.lintelligentdabidjan.info\/news\/cote-divoire-kemi-seba-expulse-pour-risque-de-troubles-a-lordre-public-officiel\/","title":{"rendered":"C\u00f4te d\u2019Ivoire : Kemi Seba expuls\u00e9 pour risque de troubles \u00e0 l\u2019ordre public (officiel)"},"content":{"rendered":"<p><strong>C\u2019est la premi\u00e8re r\u00e9action officielle du gouvernement ivoirien sur l\u2019expulsion de C\u00f4te d\u2019Ivoire mardi 26 mars 2019, de l\u2019activiste panafricaniste Kemi Seba.\u00a0<\/strong><\/p>\n<p>\u2014\u2014\u2014\u2014\u2014\u2014\u2014\u2014\u2014\u2014\u2014\u2014\u2014\u2014\u2014\u2014\u2014<\/p>\n<p>Interrog\u00e9, Sidi Tour\u00e9, porte-parole du gouvernement, a affirm\u00e9 mercredi 27 mars 2019, \u00e0 Abidjan, lors d\u2019un point de presse suite au conseil des ministres hebdomadaire, que l\u2019expulsion de l\u2019activiste Kemi Seba, s\u2019est faite pour pr\u00e9venir des troubles \u00e0 l\u2019ordre public, dans le cadre des manifestations et activit\u00e9s qu\u2019il pr\u00e9voyait entreprendre dans le pays.<\/p>\n<p>&nbsp;<\/p>\n","protected":false},"excerpt":{"rendered":"<p>C\u2019est la premi\u00e8re r\u00e9action officielle du gouvernement ivoirien sur l\u2019expulsion de C\u00f4te d\u2019Ivoire mardi 26 mars 2019, de l\u2019activiste panafricaniste Kemi Seba.\u00a0 \u2014\u2014\u2014\u2014\u2014\u2014\u2014\u2014\u2014\u2014\u2014\u2014\u2014\u2014\u2014\u2014\u2014 Interrog\u00e9, Sidi Tour\u00e9, porte-parole du gouvernement, a affirm\u00e9 mercredi 27 mars 2019, \u00e0 Abidjan, lors d\u2019un point de presse suite au conseil des ministres hebdomadaire, que l\u2019expulsion de l\u2019activiste Kemi Seba, s\u2019est [&hellip;]<\/p>\n","protected":false},"author":3,"featured_media":12982,"comment_status":"closed","ping_status":"closed","sticky":false,"template":"","format":"standard","meta":{"_monsterinsights_skip_tracking":false,"_monsterinsights_sitenote_active":false,"_monsterinsights_sitenote_note":"","_monsterinsights_sitenote_category":0,"footnotes":""},"categories":[2,1],"tags":[],"class_list":["post-13210","post","type-post","status-publish","format-standard","has-post-thumbnail","hentry","category-featured","category-actualites"],"_links":{"self":[{"href":"https:\/\/www.lintelligentdabidjan.info\/news\/wp-json\/wp\/v2\/posts\/13210","targetHints":{"allow":["GET"]}}],"collection":[{"href":"https:\/\/www.lintelligentdabidjan.info\/news\/wp-json\/wp\/v2\/posts"}],"about":[{"href":"https:\/\/www.lintelligentdabidjan.info\/news\/wp-json\/wp\/v2\/types\/post"}],"author":[{"embeddable":true,"href":"https:\/\/www.lintelligentdabidjan.info\/news\/wp-json\/wp\/v2\/users\/3"}],"replies":[{"embeddable":true,"href":"https:\/\/www.lintelligentdabidjan.info\/news\/wp-json\/wp\/v2\/comments?post=13210"}],"version-history":[{"count":3,"href":"https:\/\/www.lintelligentdabidjan.info\/news\/wp-json\/wp\/v2\/posts\/13210\/revisions"}],"predecessor-version":[{"id":13213,"href":"https:\/\/www.lintelligentdabidjan.info\/news\/wp-json\/wp\/v2\/posts\/13210\/revisions\/13213"}],"wp:featuredmedia":[{"embeddable":true,"href":"https:\/\/www.lintelligentdabidjan.info\/news\/wp-json\/wp\/v2\/media\/12982"}],"wp:attachment":[{"href":"https:\/\/www.lintelligentdabidjan.info\/news\/wp-json\/wp\/v2\/media?parent=13210"}],"wp:term":[{"taxonomy":"category","embeddable":true,"href":"https:\/\/www.lintelligentdabidjan.info\/news\/wp-json\/wp\/v2\/categories?post=13210"},{"taxonomy":"post_tag","embeddable":true,"href":"https:\/\/www.lintelligentdabidjan.info\/news\/wp-json\/wp\/v2\/tags?post=13210"}],"curies":[{"name":"wp","href":"https:\/\/api.w.org\/{rel}","templated":true}]}}