{"id":13720,"date":"2019-05-07T11:00:38","date_gmt":"2019-05-07T09:00:38","guid":{"rendered":"https:\/\/www.lintelligentdabidjan.info\/news\/?p=13720"},"modified":"2019-05-07T11:00:38","modified_gmt":"2019-05-07T09:00:38","slug":"dogo-bellmonde-la-majorite-demande-respect-aux-groupes-minoritairescote-divoire-assemblee-nationale","status":"publish","type":"post","link":"https:\/\/www.lintelligentdabidjan.info\/news\/dogo-bellmonde-la-majorite-demande-respect-aux-groupes-minoritairescote-divoire-assemblee-nationale\/","title":{"rendered":"Dogo Bellmonde : \u00abLa majorit\u00e9 demande respect aux groupes minoritaires\u00bb(C\u00f4te d\u2019Ivoire, Assembl\u00e9e nationale)"},"content":{"rendered":"<p><strong>Dogo Myss Belmonde a \u00e9t\u00e9 \u00e9lue vice-pr\u00e9sidente de l&#8217;Assembl\u00e9e nationale le lundi 6 mai 2019 lors de s\u00e9ance pl\u00e9ni\u00e8re portant mise en place du bureau de l&#8217;Assembl\u00e9e nationale<\/strong>.<!--more--><br \/>\nElle a dit ceci \u00e0 l&#8217;IA au terme de la rencontre : \u00ab Contrairement \u00e0 ce que disent les autres d\u00e9put\u00e9s, que ce soient les groupes parlementaires PDCI-RDA,Rassemblement et Vox populi, il n&#8217;est mentionn\u00e9 nulle part dans notre R\u00e8glement, un quota auquel aurait droit un certain groupe parlementaire.<br \/>\nC&#8217;est sur proposition du pr\u00e9sident de l&#8217;Assembl\u00e9e nationale qu&#8217;est fait le bureau. Puisqu&#8217;il n&#8217;y a pas eu d&#8217;accord apr\u00e8s les consultations du pr\u00e9sident de l&#8217;Assembl\u00e9e nationale, nous sommes all\u00e9s en pl\u00e9ni\u00e8re et nous avons vot\u00e9. L&#8217;Assembl\u00e9e nationale fonctionne comme il se doit.<br \/>\nJe voudrais rappeler aux autres groupes parlementaires qu\u2019\u00eatre minoritaires ne doit pas nous faire basculer dans les injures, dans l&#8217;irrespect.<br \/>\nLa majorit\u00e9 que nous sommes, nous les respectons, en retour nous leur demandons un minimum de respect.<br \/>\nL&#8217;Assembl\u00e9e nationale a toujours fonctionn\u00e9 selon les lois d\u00e9mocratiques, et c&#8217;est ce que nous avons fait aujourd&#8217;hui \u00bb.<\/p>\n<p><strong><em>OD<\/em><\/strong><\/p>\n","protected":false},"excerpt":{"rendered":"<p>Dogo Myss Belmonde a \u00e9t\u00e9 \u00e9lue vice-pr\u00e9sidente de l&#8217;Assembl\u00e9e nationale le lundi 6 mai 2019 lors de s\u00e9ance pl\u00e9ni\u00e8re portant mise en place du bureau de l&#8217;Assembl\u00e9e nationale.<\/p>\n","protected":false},"author":2,"featured_media":7968,"comment_status":"closed","ping_status":"closed","sticky":false,"template":"","format":"standard","meta":{"_monsterinsights_skip_tracking":false,"_monsterinsights_sitenote_active":false,"_monsterinsights_sitenote_note":"","_monsterinsights_sitenote_category":0,"footnotes":""},"categories":[2,17],"tags":[],"class_list":["post-13720","post","type-post","status-publish","format-standard","has-post-thumbnail","hentry","category-featured","category-politique"],"_links":{"self":[{"href":"https:\/\/www.lintelligentdabidjan.info\/news\/wp-json\/wp\/v2\/posts\/13720","targetHints":{"allow":["GET"]}}],"collection":[{"href":"https:\/\/www.lintelligentdabidjan.info\/news\/wp-json\/wp\/v2\/posts"}],"about":[{"href":"https:\/\/www.lintelligentdabidjan.info\/news\/wp-json\/wp\/v2\/types\/post"}],"author":[{"embeddable":true,"href":"https:\/\/www.lintelligentdabidjan.info\/news\/wp-json\/wp\/v2\/users\/2"}],"replies":[{"embeddable":true,"href":"https:\/\/www.lintelligentdabidjan.info\/news\/wp-json\/wp\/v2\/comments?post=13720"}],"version-history":[{"count":1,"href":"https:\/\/www.lintelligentdabidjan.info\/news\/wp-json\/wp\/v2\/posts\/13720\/revisions"}],"predecessor-version":[{"id":13721,"href":"https:\/\/www.lintelligentdabidjan.info\/news\/wp-json\/wp\/v2\/posts\/13720\/revisions\/13721"}],"wp:featuredmedia":[{"embeddable":true,"href":"https:\/\/www.lintelligentdabidjan.info\/news\/wp-json\/wp\/v2\/media\/7968"}],"wp:attachment":[{"href":"https:\/\/www.lintelligentdabidjan.info\/news\/wp-json\/wp\/v2\/media?parent=13720"}],"wp:term":[{"taxonomy":"category","embeddable":true,"href":"https:\/\/www.lintelligentdabidjan.info\/news\/wp-json\/wp\/v2\/categories?post=13720"},{"taxonomy":"post_tag","embeddable":true,"href":"https:\/\/www.lintelligentdabidjan.info\/news\/wp-json\/wp\/v2\/tags?post=13720"}],"curies":[{"name":"wp","href":"https:\/\/api.w.org\/{rel}","templated":true}]}}