{"id":1376,"date":"2016-11-08T12:23:30","date_gmt":"2016-11-08T11:23:30","guid":{"rendered":"http:\/\/www.lintelligentdabidjan.info\/news\/?p=1376"},"modified":"2016-11-08T12:23:30","modified_gmt":"2016-11-08T11:23:30","slug":"lutte-contre-le-rechauffement-climatique-cop-22-a-marrakech-mini-sommet-ua-en-marge","status":"publish","type":"post","link":"https:\/\/www.lintelligentdabidjan.info\/news\/lutte-contre-le-rechauffement-climatique-cop-22-a-marrakech-mini-sommet-ua-en-marge\/","title":{"rendered":"Lutte contre le r\u00e9chauffement climatique : COP 22 \u00e0 Marrakech, mini-sommet UA en marge"},"content":{"rendered":"<p>Un an apr\u00e8s la COP 21 qui s&#8217;est tenue \u00e0 Paris en d\u00e9cembre 2015, les chefs d&#8217;\u00e9tats et de gouvernement se retrouvent lundi 07 novembre \u00e0 Marrakech au Maroc pour l&#8217;ouverture de la COP 22.<!--more--><\/p>\n<p>Lors de la COP 21 \u00e0 Paris, 192 pays s&#8217;\u00e9taient engag\u00e9s \u00e0 r\u00e9duire leur \u00e9mission de gaz \u00e0 effet de serre. Il s&#8217;agira de traduire ces accords en r\u00e8gles et en actions concr\u00e8tes \u00e0 Marrakech. Les discussions porteront sur les r\u00e8gles de transparence de chaque \u00c9tat signataire. Il sera aussi question de transfert de technologies devant permettre aux pays les moins avanc\u00e9s de n&#8217;\u00eatre pas des laiss\u00e9s pour compte. Un point important aussi pour l&#8217;Afrique lors de cette COP 22, est la question du financement L&#8217;argent d\u00e9caiss\u00e9 devra servir selon les pays africains \u00e0 financer la gestion des cons\u00e9quences n\u00e9fastes du r\u00e9chauffement climatique, notamment la s\u00e9cheresse, l&#8217;explosion de la pauvret\u00e9, la mont\u00e9e des eaux, l&#8217;ins\u00e9curit\u00e9 alimentaire etc. La COP 21 s&#8217;\u00e9tait fix\u00e9e pour objectif de maintenir le r\u00e9chauffement climatique \u00e0 moins de 2 degr\u00e9 C.  Le roi du Maroc Mohamed VI annonce la tenue d&#8217;un mini-sommet des chefs d&#8217;\u00e9tats africains, en marge des travaux, pour r\u00e9fl\u00e9chir sur cette probl\u00e9matique et sur la r\u00e9int\u00e9gration du Maroc au sein de l&#8217;Union africaine.<\/p>\n<p>Source : afrikipresse.fr<\/p>\n","protected":false},"excerpt":{"rendered":"<p>Un an apr\u00e8s la COP 21 qui s&#8217;est tenue \u00e0 Paris en d\u00e9cembre 2015, les chefs d&#8217;\u00e9tats et de gouvernement se retrouvent lundi 07 novembre \u00e0 Marrakech au Maroc pour l&#8217;ouverture de la COP 22.<\/p>\n","protected":false},"author":2,"featured_media":0,"comment_status":"closed","ping_status":"closed","sticky":false,"template":"","format":"standard","meta":{"_monsterinsights_skip_tracking":false,"_monsterinsights_sitenote_active":false,"_monsterinsights_sitenote_note":"","_monsterinsights_sitenote_category":0,"footnotes":""},"categories":[3],"tags":[],"class_list":["post-1376","post","type-post","status-publish","format-standard","hentry","category-societe"],"_links":{"self":[{"href":"https:\/\/www.lintelligentdabidjan.info\/news\/wp-json\/wp\/v2\/posts\/1376","targetHints":{"allow":["GET"]}}],"collection":[{"href":"https:\/\/www.lintelligentdabidjan.info\/news\/wp-json\/wp\/v2\/posts"}],"about":[{"href":"https:\/\/www.lintelligentdabidjan.info\/news\/wp-json\/wp\/v2\/types\/post"}],"author":[{"embeddable":true,"href":"https:\/\/www.lintelligentdabidjan.info\/news\/wp-json\/wp\/v2\/users\/2"}],"replies":[{"embeddable":true,"href":"https:\/\/www.lintelligentdabidjan.info\/news\/wp-json\/wp\/v2\/comments?post=1376"}],"version-history":[{"count":1,"href":"https:\/\/www.lintelligentdabidjan.info\/news\/wp-json\/wp\/v2\/posts\/1376\/revisions"}],"predecessor-version":[{"id":1377,"href":"https:\/\/www.lintelligentdabidjan.info\/news\/wp-json\/wp\/v2\/posts\/1376\/revisions\/1377"}],"wp:attachment":[{"href":"https:\/\/www.lintelligentdabidjan.info\/news\/wp-json\/wp\/v2\/media?parent=1376"}],"wp:term":[{"taxonomy":"category","embeddable":true,"href":"https:\/\/www.lintelligentdabidjan.info\/news\/wp-json\/wp\/v2\/categories?post=1376"},{"taxonomy":"post_tag","embeddable":true,"href":"https:\/\/www.lintelligentdabidjan.info\/news\/wp-json\/wp\/v2\/tags?post=1376"}],"curies":[{"name":"wp","href":"https:\/\/api.w.org\/{rel}","templated":true}]}}