{"id":13761,"date":"2019-05-09T14:30:33","date_gmt":"2019-05-09T12:30:33","guid":{"rendered":"https:\/\/www.lintelligentdabidjan.info\/news\/?p=13761"},"modified":"2019-05-09T14:30:33","modified_gmt":"2019-05-09T12:30:33","slug":"cote-divoire-des-deputes-de-soumahoro-et-senateurs-dahoussou-opposes-en-afrique-du-sud","status":"publish","type":"post","link":"https:\/\/www.lintelligentdabidjan.info\/news\/cote-divoire-des-deputes-de-soumahoro-et-senateurs-dahoussou-opposes-en-afrique-du-sud\/","title":{"rendered":"C\u00f4te d\u2019Ivoire : des d\u00e9put\u00e9s de Soumahoro et s\u00e9nateurs d\u2019Ahoussou oppos\u00e9s en Afrique du Sud"},"content":{"rendered":"<p><em>La participation de la C\u00f4te d\u2019Ivoire \u00e0 une r\u00e9union en cours de Union parlementaire africaine (UPA) \u00e0 Midrand (Johannesburg), en Afrique du Sud, reste incertaine pour cause de non respect des dispositions des textes de l\u2019organisation. <\/em><\/p>\n<p>Alors que ces dispositions pr\u00e9voient 5 repr\u00e9sentants par pays, ( dont 3 d\u00e9put\u00e9s et 2 s\u00e9nateurs, pour les pays ayant un parlement bicam\u00e9ral  ), la C\u00f4te d\u2019Ivoire est pr\u00e9sente en Afrique du Sud avec 7 parlementaires ( 5 d\u00e9put\u00e9s et 2 s\u00e9nateurs ). <\/p>\n<p>Les 5 d\u00e9put\u00e9s \u00e9taient d\u00e9j\u00e0 inscrits, et repr\u00e9sentaient conform\u00e9ment aux dispositions ivoiriennes, aussi bien l\u2019Assembl\u00e9e nationale que le S\u00e9nat dans la mesure o\u00f9 celui-ci n\u2019avait pas encore tous ses membres nomm\u00e9s. <\/p>\n<p>Le chef de l\u2019\u00c9tat, Alassane Ouattara, ayant nomm\u00e9 r\u00e9cemment les 33 autres s\u00e9nateurs, l\u2019Union parlementaire africaine a convi\u00e9 l\u2019institution \u00e0 la r\u00e9union en cours en Afrique du Sud, de la m\u00eame mani\u00e8re que le Pr\u00e9sident Ahoussou avait assist\u00e9 \u00e0 une r\u00e9union \u00e0 Ouagadougou r\u00e9cemment. Elle a m\u00eame pris en charge les billets des s\u00e9nateurs ivoiriens. <\/p>\n<p>Faute d\u2019avoir \u00e9t\u00e9 pr\u00e9venu par l\u2019Assembl\u00e9e nationale qu\u2019il pourrait y avoir un souci,  et faute d\u2019avoir \u00e9t\u00e9 alert\u00e9 de la volont\u00e9 du Pr\u00e9sident Amadou Soumahoro, de reconduire la m\u00eame \u00e9quipe de 5 d\u00e9put\u00e9s pour repr\u00e9senter la C\u00f4te d\u2019Ivoire , alors qu\u2019\u00e0 la mi-avril 2019, l\u2019UPA dans sa lettre d\u2019invitation avait bien pr\u00e9cis\u00e9 qu\u2019il s\u2019agissait de d\u00e9signer trois d\u00e9put\u00e9s, le S\u00e9nat a souscrit aux obligations du pays, en r\u00e9pondant \u00e0 l\u2019invitation qui lui avait \u00e9t\u00e9 adress\u00e9e&#8230;<\/p>\n<p>Sur place \u00e0 Midrand, le Bureau de l\u2019UPA a souhait\u00e9 que l\u2019Assembl\u00e9e nationale de C\u00f4te d\u2019Ivoire prenne ses responsabilit\u00e9s et d\u00e9signe nomm\u00e9ment 3 personnes parmi les 5 qui sont pr\u00e9sentes. <\/p>\n<p>Refus de l\u2019\u00e9quipe d\u2019Abidjan qui propose l\u2019une des options suivantes : participation des 7 ivoiriens, ou participation des 5 d\u00e9put\u00e9s avec exclusion des deux s\u00e9nateurs, puisque le S\u00e9nat n\u2019aurait toujours pas la pl\u00e9nitude de ses pr\u00e9rogatives. <\/p>\n<p>Pourtant les s\u00e9nateurs ivoiriens ont d\u00e9j\u00e0 pr\u00eat\u00e9 serment, et peuvent valablement participer aux travaux de l\u2019UPA. <\/p>\n<p>Derni\u00e8re option : la d\u00e9l\u00e9gation de Soumahoro propose que le bureau de l\u2019UPA d\u00e9signe d\u2019autorit\u00e9 les 3 d\u00e9put\u00e9s devant repr\u00e9senter la C\u00f4te d\u2019Ivoire. <\/p>\n<p>Refus poli , mais ferme du Pr\u00e9sident de l\u2019institution parlementaire panafricaine Roger Nkodo Dang, qui assure ne pas avoir comp\u00e9tence \u00e0 cet effet . <\/p>\n<p>Contact\u00e9 par l\u2019Intelligent d\u2019Abidjan, alors qu\u2019il se trouve en Afrique du Sud, Roger Nkodo Dang a indiqu\u00e9 que la situation est en train d\u2019\u00eatre trait\u00e9e . Il a pr\u00e9cis\u00e9 que c\u2019est la pl\u00e9ni\u00e8re qui d\u00e9cidera de la participation effective de la C\u00f4te d\u2019Ivoire. <\/p>\n<p>\u00ab Est-ce \u00e0 dire que le pays ne sera pas admis aux d\u00e9bats, ou plut\u00f4t peut-il assister et participer \u00e0 un d\u00e9bat en pl\u00e9ni\u00e8re o\u00f9 on doit d\u00e9cider de cette participation \u00bb, a demand\u00e9 l\u2019IA. <\/p>\n<p>\u00ab Je ne saurais vous r\u00e9pondre. Appelez moi demain. Mais rassurez-vous, nous n\u2019avons encore rien d\u00e9cid\u00e9 \u00bb, a-t-il r\u00e9pondu . <\/p>\n<p>\u00c0 Abidjan, le S\u00e9nat d\u00e9plore une absence pr\u00e9alable de concertation qui aurait permis d\u2019\u00e9viter cette situation embarrassante. <\/p>\n<p>Du c\u00f4t\u00e9 de l\u2019Assembl\u00e9e nationale, l\u2019on apprend que le Pr\u00e9sident Amadou Soumahoro assure avoir d\u00e9j\u00e0 assez de soucis avec les autres groupes parlementaires. Il a souhait\u00e9 ne pas en rajouter, en excluant deux d\u00e9put\u00e9s ivoiriens de l\u2019UPA, d\u2019autant qu\u2019il vient encore de subir un revers avec le Parlement de la Cedeao, qui a refus\u00e9 le remplacement de deux d\u00e9put\u00e9s , au motif que cela n\u2019est pas conforme aux textes de l\u2019institution. <\/p>\n<p>Pendant ce temps, les d\u00e9put\u00e9s et s\u00e9nateurs ivoiriens en Afrique du Sud commentent \u00e0 se regarder en chiens de fa\u00efence.<br \/>\nIls ne sont m\u00eame pas loin d\u2019en venir aux mains si rien n\u2019est fait, \u00e0 en croire un membre d\u2019une d\u00e9l\u00e9gation africaine pr\u00e9sent sur place, m\u00eame si un des cinq d\u00e9put\u00e9s a pr\u00e9f\u00e9r\u00e9 rentrer au pays, pour \u00e9viter la honte, laissant un seul d\u00e9put\u00e9 de trop sur place &#8230;.<\/p>\n<p>Charles Kouassi <\/p>\n","protected":false},"excerpt":{"rendered":"<p>La participation de la C\u00f4te d\u2019Ivoire \u00e0 une r\u00e9union en cours de Union parlementaire africaine (UPA) \u00e0 Midrand (Johannesburg), en Afrique du Sud, reste incertaine pour cause de non respect des dispositions des textes de l\u2019organisation. Alors que ces dispositions pr\u00e9voient 5 repr\u00e9sentants par pays, ( dont 3 d\u00e9put\u00e9s et 2 s\u00e9nateurs, pour les pays [&hellip;]<\/p>\n","protected":false},"author":3,"featured_media":13742,"comment_status":"closed","ping_status":"closed","sticky":false,"template":"","format":"standard","meta":{"_monsterinsights_skip_tracking":false,"_monsterinsights_sitenote_active":false,"_monsterinsights_sitenote_note":"","_monsterinsights_sitenote_category":0,"footnotes":""},"categories":[2,1],"tags":[480],"class_list":["post-13761","post","type-post","status-publish","format-standard","has-post-thumbnail","hentry","category-featured","category-actualites","tag-senateurs-senat-assemblee-nationale-soumahoro-ahoussou-afrique-du-sud-union-parlementaire-africaine-roger-ndong-middland"],"_links":{"self":[{"href":"https:\/\/www.lintelligentdabidjan.info\/news\/wp-json\/wp\/v2\/posts\/13761","targetHints":{"allow":["GET"]}}],"collection":[{"href":"https:\/\/www.lintelligentdabidjan.info\/news\/wp-json\/wp\/v2\/posts"}],"about":[{"href":"https:\/\/www.lintelligentdabidjan.info\/news\/wp-json\/wp\/v2\/types\/post"}],"author":[{"embeddable":true,"href":"https:\/\/www.lintelligentdabidjan.info\/news\/wp-json\/wp\/v2\/users\/3"}],"replies":[{"embeddable":true,"href":"https:\/\/www.lintelligentdabidjan.info\/news\/wp-json\/wp\/v2\/comments?post=13761"}],"version-history":[{"count":1,"href":"https:\/\/www.lintelligentdabidjan.info\/news\/wp-json\/wp\/v2\/posts\/13761\/revisions"}],"predecessor-version":[{"id":13762,"href":"https:\/\/www.lintelligentdabidjan.info\/news\/wp-json\/wp\/v2\/posts\/13761\/revisions\/13762"}],"wp:featuredmedia":[{"embeddable":true,"href":"https:\/\/www.lintelligentdabidjan.info\/news\/wp-json\/wp\/v2\/media\/13742"}],"wp:attachment":[{"href":"https:\/\/www.lintelligentdabidjan.info\/news\/wp-json\/wp\/v2\/media?parent=13761"}],"wp:term":[{"taxonomy":"category","embeddable":true,"href":"https:\/\/www.lintelligentdabidjan.info\/news\/wp-json\/wp\/v2\/categories?post=13761"},{"taxonomy":"post_tag","embeddable":true,"href":"https:\/\/www.lintelligentdabidjan.info\/news\/wp-json\/wp\/v2\/tags?post=13761"}],"curies":[{"name":"wp","href":"https:\/\/api.w.org\/{rel}","templated":true}]}}