{"id":13781,"date":"2019-05-12T15:05:32","date_gmt":"2019-05-12T13:05:32","guid":{"rendered":"https:\/\/www.lintelligentdabidjan.info\/news\/?p=13781"},"modified":"2019-05-12T15:05:32","modified_gmt":"2019-05-12T13:05:32","slug":"cote-divoire-kalil-konate-perd-sa-mere","status":"publish","type":"post","link":"https:\/\/www.lintelligentdabidjan.info\/news\/cote-divoire-kalil-konate-perd-sa-mere\/","title":{"rendered":"C\u00f4te d\u2019Ivoire : Kalil Konat\u00e9 perd sa m\u00e8re"},"content":{"rendered":"<p><em>Triste nouvelle : Kalil Konat\u00e9, Pr\u00e9sident du Conseil g\u00e9n\u00e9ral du Hambol est en deuil.<\/em><\/p>\n<p>Intern\u00e9e \u00e0 la clinique Farat, la g\u00e9nitrice de Kalil Konat\u00e9 y est d\u00e9c\u00e9d\u00e9e dimanche 12 mai 2019, alors que les dispositions avaient \u00e9t\u00e9 prises pour une \u00e9vacuation imminente en France.<\/p>\n<p>\u00ab Ina lillay wa ina lilaye rajioun. Ma m\u00e8re vient d&#8217;aller en paix \u00bb, a confi\u00e9 \u00e0 l\u2019IA, de fa\u00e7on pieuse et sobre, Kalil Konat\u00e9, encore sous le choc. <\/p>\n<p>La r\u00e9daction pr\u00e9sente ses condol\u00e9ances \u00e0 la famille.  <\/p>\n<p><strong>Charles K <\/strong><\/p>\n","protected":false},"excerpt":{"rendered":"<p>Triste nouvelle : Kalil Konat\u00e9, Pr\u00e9sident du Conseil g\u00e9n\u00e9ral du Hambol est en deuil. Intern\u00e9e \u00e0 la clinique Farat, la g\u00e9nitrice de Kalil Konat\u00e9 y est d\u00e9c\u00e9d\u00e9e dimanche 12 mai 2019, alors que les dispositions avaient \u00e9t\u00e9 prises pour une \u00e9vacuation imminente en France. \u00ab Ina lillay wa ina lilaye rajioun. Ma m\u00e8re vient d&#8217;aller [&hellip;]<\/p>\n","protected":false},"author":3,"featured_media":13782,"comment_status":"closed","ping_status":"closed","sticky":false,"template":"","format":"standard","meta":{"_monsterinsights_skip_tracking":false,"_monsterinsights_sitenote_active":false,"_monsterinsights_sitenote_note":"","_monsterinsights_sitenote_category":0,"footnotes":""},"categories":[2,1],"tags":[481],"class_list":["post-13781","post","type-post","status-publish","format-standard","has-post-thumbnail","hentry","category-featured","category-actualites","tag-hambol-cote-divoire-khalil-konate-katiola-farat"],"_links":{"self":[{"href":"https:\/\/www.lintelligentdabidjan.info\/news\/wp-json\/wp\/v2\/posts\/13781","targetHints":{"allow":["GET"]}}],"collection":[{"href":"https:\/\/www.lintelligentdabidjan.info\/news\/wp-json\/wp\/v2\/posts"}],"about":[{"href":"https:\/\/www.lintelligentdabidjan.info\/news\/wp-json\/wp\/v2\/types\/post"}],"author":[{"embeddable":true,"href":"https:\/\/www.lintelligentdabidjan.info\/news\/wp-json\/wp\/v2\/users\/3"}],"replies":[{"embeddable":true,"href":"https:\/\/www.lintelligentdabidjan.info\/news\/wp-json\/wp\/v2\/comments?post=13781"}],"version-history":[{"count":1,"href":"https:\/\/www.lintelligentdabidjan.info\/news\/wp-json\/wp\/v2\/posts\/13781\/revisions"}],"predecessor-version":[{"id":13783,"href":"https:\/\/www.lintelligentdabidjan.info\/news\/wp-json\/wp\/v2\/posts\/13781\/revisions\/13783"}],"wp:featuredmedia":[{"embeddable":true,"href":"https:\/\/www.lintelligentdabidjan.info\/news\/wp-json\/wp\/v2\/media\/13782"}],"wp:attachment":[{"href":"https:\/\/www.lintelligentdabidjan.info\/news\/wp-json\/wp\/v2\/media?parent=13781"}],"wp:term":[{"taxonomy":"category","embeddable":true,"href":"https:\/\/www.lintelligentdabidjan.info\/news\/wp-json\/wp\/v2\/categories?post=13781"},{"taxonomy":"post_tag","embeddable":true,"href":"https:\/\/www.lintelligentdabidjan.info\/news\/wp-json\/wp\/v2\/tags?post=13781"}],"curies":[{"name":"wp","href":"https:\/\/api.w.org\/{rel}","templated":true}]}}