{"id":14384,"date":"2019-06-15T21:34:48","date_gmt":"2019-06-15T19:34:48","guid":{"rendered":"https:\/\/www.lintelligentdabidjan.info\/news\/?p=14384"},"modified":"2019-06-15T21:34:48","modified_gmt":"2019-06-15T19:34:48","slug":"cote-divoire-4-accords-signes-par-les-presidents-ouattara-et-de-sousa","status":"publish","type":"post","link":"https:\/\/www.lintelligentdabidjan.info\/news\/cote-divoire-4-accords-signes-par-les-presidents-ouattara-et-de-sousa\/","title":{"rendered":"C\u00f4te d\u2019Ivoire : 4 accords sign\u00e9s par les Pr\u00e9sidents Ouattara et De Sousa"},"content":{"rendered":"<p><strong>En visite officielle de trois jours \u00e0 Abidjan, Marcelo De Sousa, Pr\u00e9sident de la R\u00e9publique du Portugal a sign\u00e9 4 accords de coop\u00e9ration avec le Pr\u00e9sident ivoirien Alassane Ouattara, jeudi 13 juin 2019, \u00e0 la Pr\u00e9sidence de la R\u00e9publique \u00e0 Abidjan Plateau<\/strong>.<!--more--><\/p>\n<p>Dans le premier accord, les deux pays s&#8217;engagent \u00e0 une promotion et \u00e0 une protection r\u00e9ciproque de leurs investissements. Il y a ensuite eu un protocole de coop\u00e9ration dans le domaine de l&#8217;assainissement et de la valorisation des d\u00e9chets solides. Protocole sign\u00e9 entre le minist\u00e8re ivoirien de l&#8217;environnement et de la salubrit\u00e9 et le minist\u00e8re portugais de l&#8217;environnement et de la transition \u00e9nerg\u00e9tique. Le troisi\u00e8me accord a \u00e9t\u00e9 sign\u00e9 entre le minist\u00e8re du tourisme et des loisirs et le minist\u00e8re portugais de et l\u2019\u00e9conomie. Il s&#8217;agit d&#8217;un protocole de coop\u00e9ration dans le domaine de la formation touristique. Le quatri\u00e8me et dernier accord est un protocole dans le cadre de la formation professionnelle. Il a \u00e9t\u00e9 sign\u00e9 entre le minist\u00e8re ivoirien de l\u2019\u00e9ducation nationale de l&#8217;enseignement technique et de la formation professionnelle, et le minist\u00e8re portugais du travail, de la solidarit\u00e9 et de la s\u00e9curit\u00e9 sociale.<\/p>\n<p>[ De Sousa annonce l&#8217;ouverture prochaine de l&#8217;Ambassade du Portugal \u00e0 Abidjan ]<\/p>\n<p>Au terme de leurs t\u00eate \u00e0 t\u00eate, les deux Chefs d\u2019\u00c9tat ont exprim\u00e9 devant la presse, leurs volont\u00e9s de renforcer la coop\u00e9ration entre leurs deux pays. Le Pr\u00e9sident de la R\u00e9publique Alassane Ouattara, apr\u00e8s avoir remerci\u00e9 son h\u00f4te pour la qualit\u00e9 de l&#8217;accueil qu&#8217;il lui avait r\u00e9serv\u00e9 lors de sa visite officielle \u00e0 Lisbonne au Portugal, les 12 et 13 septembre 2017, a souhait\u00e9 que les deux pays se serrent davantage les coudes pour avancer. Il a notamment appel\u00e9 au renforcement de leurs relations sein du Conseil de S\u00e9curit\u00e9 de l&#8217;Onu, pour le r\u00e8glement des conflits dans le monde. Au sujet de leurs \u00e9changes en t\u00eate-\u00e0-t\u00eate, le Pr\u00e9sident Alassane Ouattara a confi\u00e9 que son homologue et lui ont abord\u00e9 des questions diverses. Notamment, \u00ables relations bilat\u00e9rales mettant l&#8217;accent sur l\u2019\u00e9conomie et les relations commerciales. Nous avons insist\u00e9 sur l\u2019\u00e9ducation, les questions de la d\u00e9fense et de la coop\u00e9ration maritime \u00bb, a-t-il fait savoir.<br \/>\nLe Pr\u00e9sident Ouattara a dit avoir invit\u00e9 son homologue Portugais a faire en sorte que soit facilit\u00e9 l\u2019installation des investisseurs ivoiriens au Portugal et lui, en fera autant, pour ce qui est des investisseurs portugais, en C\u00f4te d\u2019Ivoire. \u00abCeci permettra de diversifier nos \u00e9conomies\u00bb, a-t-il expliqu\u00e9.<\/p>\n<p>Marcelo De Sousa a lui aussi appel\u00e9 \u00e0 un plus grand rapprochement entre la C\u00f4te d\u2019Ivoire et son pays. Selon lui, la visite du Pr\u00e9sident Ouattara dans son pays en 2017, a beaucoup fait bouger les lignes. Pour lui, les deux pays gagneraient \u00e0 poser davantage d&#8217;actes dans le but de leurs rapprochement. C\u2019est ainsi qu&#8217;apr\u00e8s avoir remerci\u00e9 la C\u00f4te d&#8217;avoir accept\u00e9 d\u2019accueillir un consulat, il a annonc\u00e9 l&#8217;ouverture tr\u00e8s prochaine d&#8217;une Ambassade du Portugal \u00e0 Abidjan.<\/p>\n<p>J-H Koffo<\/p>\n","protected":false},"excerpt":{"rendered":"<p>En visite officielle de trois jours \u00e0 Abidjan, Marcelo De Sousa, Pr\u00e9sident de la R\u00e9publique du Portugal a sign\u00e9 4 accords de coop\u00e9ration avec le Pr\u00e9sident ivoirien Alassane Ouattara, jeudi 13 juin 2019, \u00e0 la Pr\u00e9sidence de la R\u00e9publique \u00e0 Abidjan Plateau.<\/p>\n","protected":false},"author":2,"featured_media":14385,"comment_status":"closed","ping_status":"closed","sticky":false,"template":"","format":"standard","meta":{"footnotes":""},"categories":[2,17],"tags":[],"class_list":["post-14384","post","type-post","status-publish","format-standard","has-post-thumbnail","hentry","category-featured","category-politique"],"_links":{"self":[{"href":"https:\/\/www.lintelligentdabidjan.info\/news\/wp-json\/wp\/v2\/posts\/14384","targetHints":{"allow":["GET"]}}],"collection":[{"href":"https:\/\/www.lintelligentdabidjan.info\/news\/wp-json\/wp\/v2\/posts"}],"about":[{"href":"https:\/\/www.lintelligentdabidjan.info\/news\/wp-json\/wp\/v2\/types\/post"}],"author":[{"embeddable":true,"href":"https:\/\/www.lintelligentdabidjan.info\/news\/wp-json\/wp\/v2\/users\/2"}],"replies":[{"embeddable":true,"href":"https:\/\/www.lintelligentdabidjan.info\/news\/wp-json\/wp\/v2\/comments?post=14384"}],"version-history":[{"count":1,"href":"https:\/\/www.lintelligentdabidjan.info\/news\/wp-json\/wp\/v2\/posts\/14384\/revisions"}],"predecessor-version":[{"id":14386,"href":"https:\/\/www.lintelligentdabidjan.info\/news\/wp-json\/wp\/v2\/posts\/14384\/revisions\/14386"}],"wp:featuredmedia":[{"embeddable":true,"href":"https:\/\/www.lintelligentdabidjan.info\/news\/wp-json\/wp\/v2\/media\/14385"}],"wp:attachment":[{"href":"https:\/\/www.lintelligentdabidjan.info\/news\/wp-json\/wp\/v2\/media?parent=14384"}],"wp:term":[{"taxonomy":"category","embeddable":true,"href":"https:\/\/www.lintelligentdabidjan.info\/news\/wp-json\/wp\/v2\/categories?post=14384"},{"taxonomy":"post_tag","embeddable":true,"href":"https:\/\/www.lintelligentdabidjan.info\/news\/wp-json\/wp\/v2\/tags?post=14384"}],"curies":[{"name":"wp","href":"https:\/\/api.w.org\/{rel}","templated":true}]}}