{"id":14390,"date":"2019-06-15T23:15:24","date_gmt":"2019-06-15T21:15:24","guid":{"rendered":"https:\/\/www.lintelligentdabidjan.info\/news\/?p=14390"},"modified":"2019-06-15T23:15:24","modified_gmt":"2019-06-15T21:15:24","slug":"allocution-de-son-excellence-monsieur-daniel-kablan-duncan-vice-president-de-la-republique-de-cote-divoire-lancement-de-latelier-cote-divoire-coree-du-sud","status":"publish","type":"post","link":"https:\/\/www.lintelligentdabidjan.info\/news\/allocution-de-son-excellence-monsieur-daniel-kablan-duncan-vice-president-de-la-republique-de-cote-divoire-lancement-de-latelier-cote-divoire-coree-du-sud\/","title":{"rendered":"Allocution de son Excellence Monsieur Daniel Kablan Duncan, Vice-Pr\u00e9sident de la R\u00e9publique de C\u00f4te d\u2019Ivoire, Lancement de l\u2019atelier \u00ab C\u00f4te d\u2019Ivoire &#8211; Cor\u00e9e du Sud \u00bb"},"content":{"rendered":"<p>Allocution de son Excellence Monsieur Daniel Kablan Duncan, Vice-Pr\u00e9sident de la R\u00e9publique de C\u00f4te d\u2019Ivoire, Lancement de l\u2019atelier \u00ab C\u00f4te d\u2019Ivoire &#8211; Cor\u00e9e du Sud \u00bb sur le th\u00e8me : \u00ab Qu\u00eate d\u2019une croissance durable et inclusive en C\u00f4te d\u2019Ivoire : enseignements tir\u00e9s de l\u2019exp\u00e9rience cor\u00e9enne en mati\u00e8re de d\u00e9veloppement \u00bb<!--more--><\/p>\n<p>\u2022 Monsieur le Premier Ministre, Chef du Gouvernement, Ministre du Budget et du Portefeuille de l\u2019Etat, Vice \u2013 Pr\u00e9sident du Conseil National de Politique Economique (CNPE),<\/p>\n<p>\u2022 Monsieur le Ministre, Secr\u00e9taire G\u00e9n\u00e9ral de la Pr\u00e9sidence de la R\u00e9publique, Secr\u00e9taire Ex\u00e9cutif du Comit\u00e9 National de Politique Economique,<br \/>\n\u2022 Mesdames et Messieurs les Membres du Gouvernement et du Secteur Priv\u00e9, Participant au Conseil National de Politique Economique ;<br \/>\n\u2022 Mesdames et Messieurs les Ministres,<br \/>\n\u2022 Excellence Monsieur l\u2019Ambassadeur de la Cor\u00e9e du Sud ;<br \/>\n\u2022 Excellences Mesdames et Messieurs les Ambassadeurs et Membres du Corps Diplomatique ;<br \/>\n\u2022 Mesdames et Messieurs les Repr\u00e9sentants des Institutions de Coop\u00e9ration Bilat\u00e9rale, R\u00e9gionale et Multilat\u00e9rale ;<br \/>\n\u2022 Mesdames et Messieurs les Experts,<br \/>\n\u2022 Honorables Invit\u00e9s,<br \/>\n\u2022 Chers Amis des M\u00e9dias,<br \/>\n\u2022 Mesdames et Messieurs,<br \/>\nC\u2019est avec un tr\u00e8s grand honneur et beaucoup de plaisir que je pr\u00e9side ce jour, au nom du Pr\u00e9sident de la R\u00e9publique, S.E.M Alassane OUATTARA, la c\u00e9r\u00e9monie de lancement de l\u2019atelier \u2018\u2018C\u00f4te d\u2019Ivoire \u2013 Cor\u00e9e du Sud\u2019\u2019 sur le th\u00e8me suivant : \u00ab Qu\u00eate d\u2019une croissance durable et inclusive en C\u00f4te d\u2019Ivoire : enseignements tir\u00e9s de l\u2019exp\u00e9rience cor\u00e9enne en mati\u00e8re de d\u00e9veloppement \u00bb.<\/p>\n<p>Je voudrais donc saisir cette occasion, pour souhaiter, au nom de S.E.M Alassane OUATTARA, Pr\u00e9sident de la R\u00e9publique, le traditionnel \u00ab Akwaba \u00bb, c\u2019est-\u00e0-dire la cordiale bienvenue, \u00e0 tous les participants qui ont effectu\u00e9 le d\u00e9placement depuis l\u2019\u00e9tranger et singuli\u00e8rement \u00e0 nos h\u00f4tes venus de la Cor\u00e9e du Sud ; pays (class\u00e9 en 2018 au 11\u00e8me rang dans le monde)dont les performances \u00e9conomiques continuent de constituer une source d\u2019inspiration et un d\u00e9fi pour les d\u00e9cideurs des \u00e9conomies en qu\u00eate d\u2019\u00e9mergence comme le n\u00f4tre .<\/p>\n<p>Je voudrais saluer la participation des membres du gouvernement ivoirien qui, par leur pr\u00e9sence chaleureuse, rehaussent cette c\u00e9r\u00e9monie de leur pr\u00e9sence distingu\u00e9e.<\/p>\n<p>Je tiens tout particuli\u00e8rement \u00e0 f\u00e9liciter les initiateurs et organisateurs de cet important \u00e9v\u00e9nement, en l\u2019occurrence la Banque Mondiale, pour la justesse de leur projet qui est parfaitement en ligne avec la strat\u00e9gie de d\u00e9veloppement de la C\u00f4te d\u2019Ivoire.<\/p>\n<p>Je voudrais \u00e9galement saluer la pr\u00e9sence des experts internationaux venus de divers horizons pour partager leurs exp\u00e9riences afin de contribuer aux r\u00e9flexions sur la strat\u00e9gie de d\u00e9veloppement de notre pays.<\/p>\n<p>Votre pr\u00e9sence distingu\u00e9e et nombreuse \u00e0 cet atelier organis\u00e9 conjointement par l\u2019Etat de C\u00f4te d\u2019Ivoire et la Banque Mondiale, est un signe \u00e9loquent de l\u2019importance que vous attachez aux questions de d\u00e9veloppement \u00e9conomique relatives aux \u00e9conomies en d\u00e9veloppement et notamment \u00e0 celle de notre pays.<\/p>\n<p>Excellences Mesdames et Messieurs,<br \/>\nChers Participants,<\/p>\n<p>La vision strat\u00e9gique du Pr\u00e9sident de la R\u00e9publique, S.E.M Alassane OUATTARA, pour son pays est une nation forte. Elle est exprim\u00e9e \u00e0 travers sa grande ambition de \u00ab faire de la C\u00f4te d\u2019Ivoire un pays \u00e9mergent \u00e0 l\u2019horizon 2020 \u00bb et une puissance industrielle au del\u00e0.<\/p>\n<p>Ainsi, depuis 2011, les importants efforts consentis en mati\u00e8re de r\u00e9formes structurelles et sectorielles ont permis \u00e0 notre pays de r\u00e9aliser des performances \u00e9conomiques caract\u00e9ris\u00e9es, notamment par :<br \/>\n\uf0a7 une croissance \u00e9conomique annuelle moyenne d\u2019environ 8% sur la p\u00e9riode 2012-2018; ce qui en fait l\u2019un des quatre pays ayant le plus fort taux de croissance dans le monde.<\/p>\n<p>Ces r\u00e9formes ont permis la cr\u00e9ation d\u2019un meilleur environnement des affaires et faire du secteur priv\u00e9 national et international le principal moteur de la croissance \u00e9conomique.<\/p>\n<p>Ces reformes ont \u00e9t\u00e9 rendues possibles gr\u00e2ce \u00e0 l\u2019adoption et la mise en \u0153uvre de deux Plans Nationaux de D\u00e9veloppement ; le PND 2012-2015 d\u2019un montant de 22 milliards de dollars US dont 63% r\u00e9alis\u00e9 par le secteur priv\u00e9 et le PND 2016-2020 de 60 milliards USD, dont 62% environ \u00e0 financer par le secteur priv\u00e9.<\/p>\n<p>Cette orientation est ax\u00e9e notamment sur la transformation locale de nos mati\u00e8res premi\u00e8res, accompagn\u00e9e par le d\u00e9veloppement d\u2019infrastructures sociaux \u00e9conomiques modernes et le renforcement du capital humain.<\/p>\n<p>Toutefois, la transformation de l\u2019\u00e9conomie reste mod\u00e9r\u00e9e et moyennement inclusive<\/p>\n<p>Dans ce contexte, les d\u00e9fis majeurs qui se pr\u00e9sentent au pays se posent en termes de (i) maintenir une croissance \u00e9conomique forte et durable ; et (ii) rendre l\u2019\u00e9conomie plus inclusive et plus diversifi\u00e9e.<\/p>\n<p>Ces d\u00e9fis se posent de mani\u00e8re plus pr\u00e9cise en termes de :<\/p>\n<p>\u2022 Renforcement de la qualit\u00e9 et de la gouvernance des institutions nationales;<\/p>\n<p>\u2022 L\u2019acc\u00e9l\u00e9ration du d\u00e9veloppement du capital humain et du bien-\u00eatre social, car comme chacun le sait, \u00ab Il n\u2019est de richesse que d\u2019hommes \u00bb ;<\/p>\n<p>\u2022 La mise en \u0153uvre des r\u00e9formes structurelles et sectorielles profondes; conditions indispensables pour cr\u00e9er un environnement favorable aux investissements priv\u00e9s nationaux et \u00e9trangers et assurer une croissance \u00e9conomique forte et durable.<\/p>\n<p>\u2022 Le d\u00e9veloppement des infrastructures \u00e9conomiques et sociales, notamment l\u2019Electricit\u00e9, l\u2019Eau et les TIC ;<\/p>\n<p>\u2022 Le renforcement et \u00e0 la consolidation de l\u2019int\u00e9gration r\u00e9gionale et continentale, gage d\u2019un march\u00e9 plus vaste et plus porteur ;<\/p>\n<p>\u2022 la relance de la croissance agricole surtout la production vivri\u00e8re afin d\u2019assurer la s\u00e9curit\u00e9 alimentaire et cela par les investissements importants dans le secteur ;<\/p>\n<p>\u2022 L\u2019acc\u00e9l\u00e9ration de la transformation structurelle de l\u2019\u00e9conomie ivoirienne par une industrialisation et une diversification plus pouss\u00e9es ;<\/p>\n<p>\u2022 La s\u00e9curit\u00e9 avec notamment la lutte contre le terrorisme;<\/p>\n<p>\u2022 Le financement du d\u00e9veloppement avec des solutions innovantes.<br \/>\nExcellences Mesdames et Messieurs,<br \/>\nChers Participants,<\/p>\n<p>Il est important de noter que l\u2019\u00e9tude mettra l\u2019accent sur trois de ces d\u00e9fis dont l\u2019importance est capitale pour le d\u00e9veloppement de la C\u00f4te d\u2019Ivoire \u00e0 savoir : Transformation \u00e9conomique et technologie ; d\u00e9veloppement du capital humain ; et connectivit\u00e9 physique et virtuelle.<br \/>\nExcellences Mesdames et Messieurs,<br \/>\nChers Participants<br \/>\nL\u2019av\u00e8nement du Conseil National de Politique Economique (CNPE) constitue une opportunit\u00e9 de renforcer les r\u00e9flexions prospectives et strat\u00e9giques de long terme.<\/p>\n<p>En effet, apr\u00e8s la d\u00e9cennie de crise, la C\u00f4te d\u2019Ivoire a renou\u00e9 avec la prospective dont la premi\u00e8re \u00e9tude, C\u00f4te d\u2019Ivoire 2000, a \u00e9t\u00e9 r\u00e9alis\u00e9e en 1973-1974 et a permis d\u2019\u00e9laborer les diff\u00e9rents plans quinquennaux successifs. Ce fut \u00e9galement le cas de l\u2019\u00e9tude prospective 2025 qui a inspir\u00e9 la conception de l\u2019El\u00e9phant d\u2019Afrique 1995\/1999 et 2000\/2005.<br \/>\nLe PND 2012-2015 a permis de reconstruire et de relancer l\u2019\u00e9conomie apr\u00e8s la longue crise d\u00e9cennale. Le PND 2016-2020 int\u00e8gre les conclusions de l\u2019Etude Nationale Prospective C\u00f4te d\u2019Ivoire 2040 pour atteindre l\u2019\u00e9mergence \u00e0 l\u2019horizon 2020.<br \/>\nLa C\u00f4te d\u2019Ivoire a ainsi renou\u00e9 en si peu de temps avec sa tradition de planifier son d\u00e9veloppement, par des \u00e9tudes prospectives, et quinquennales.<br \/>\nAinsi sous la houlette du CNPE, l\u2019\u00e9tude d\u00e9cennale 2030 devrait permettre de renouer compl\u00e8tement avec les diff\u00e9rentes \u00e9tapes de la planification op\u00e9rationnelle :<br \/>\n(i) Vision \u00e0 tr\u00e8s long terme 25\/30 ans ;<br \/>\n(ii) Vision \u00e0 moyen\/ long terme 10 ans; et<br \/>\n(iii) Plans quinquennaux.<br \/>\nVos travaux de ce jour permettront donc de renforcer la strat\u00e9gie de d\u00e9veloppement de notre pays en vue de faire de la C\u00f4te d\u2019Ivoire une nation industrielle en 2040.<\/p>\n<p>Cette \u00e9tude a aussi pour vocation de chercher \u00e0 savoir si, oui ou non, les enseignements tir\u00e9s de l\u2019exp\u00e9rience r\u00e9ussie en Cor\u00e9e du Sud, notamment les r\u00e9formes men\u00e9es au cours des ann\u00e9es 70 ; 80 et au del\u00e0, peuvent \u00e9clairer la strat\u00e9gie de d\u00e9veloppement actuelle de notre pays.<\/p>\n<p>Il importe enfin, d\u2019indiquer que l\u2019objectif de l\u2019\u00e9tude est bien align\u00e9 sur l\u2019objectif institutionnel du Groupe de la Banque Mondiale que partage la C\u00f4te d\u2019Ivoire \u00e0 savoir, l\u2019atteinte d\u2019une prosp\u00e9rit\u00e9 durable et partag\u00e9e sur le plus long terme.<\/p>\n<p>Excellences Mesdames et Messieurs<br \/>\nChers Participants,<\/p>\n<p>Je me f\u00e9licite de l\u2019initiative de cet atelier et des \u00e9changes sur l\u2019avenir de la C\u00f4te d\u2019Ivoire \u00e9mergente qui vont y \u00eatre men\u00e9s car la vision de SEM Alassane OUATTARA, Pr\u00e9sident de la R\u00e9publique, telle qu\u2019exprim\u00e9e dans l\u2019\u00e9tude Nationale Prospective C\u00f4te d\u2019Ivoire 2040, est de promouvoir un ordre social industrialisant, b\u00e2ti sur une puissance \u00e9ducative et technologique.<\/p>\n<p>Ces deux piliers fondamentaux, \u00e0 n\u2019en pas douter, conduiront notre pays \u00e0 l\u2019\u00e9mergence d\u2019une Nation \u00e9conomiquement forte, socialement inclusive, r\u00e9siliente et cr\u00e9atrice d\u2019emplois.<\/p>\n<p>Je vous invite par cons\u00e9quent \u00e0 des discussions ouvertes et fructueuses en vous donnant l\u2019assurance, que l\u2019Etat ne m\u00e9nagera aucun effort pour mettre en \u0153uvre les pertinentes recommandations qui s\u2019en suivront.<\/p>\n<p>Sur ce, et au nom du Pr\u00e9sident de la R\u00e9publique de C\u00f4te d\u2019Ivoire, Son Excellence Monsieur Alassane OUATTARA, je d\u00e9clare ouvert l\u2019atelier \u2018\u2018C\u00f4te d\u2019Ivoire \u2013 Cor\u00e9e du Sud\u2019\u2019 sur le th\u00e8me \u00ab Qu\u00eate d\u2019une croissance durable et inclusive en C\u00f4te d\u2019Ivoire : enseignements tir\u00e9s de l\u2019exp\u00e9rience cor\u00e9enne en mati\u00e8re de d\u00e9veloppement \u00bb.<\/p>\n<p>Je vous remercie de votre aimable attention.<\/p>\n","protected":false},"excerpt":{"rendered":"<p>Allocution de son Excellence Monsieur Daniel Kablan Duncan, Vice-Pr\u00e9sident de la R\u00e9publique de C\u00f4te d\u2019Ivoire, Lancement de l\u2019atelier \u00ab C\u00f4te d\u2019Ivoire &#8211; Cor\u00e9e du Sud \u00bb sur le th\u00e8me : \u00ab Qu\u00eate d\u2019une croissance durable et inclusive en C\u00f4te d\u2019Ivoire : enseignements tir\u00e9s de l\u2019exp\u00e9rience cor\u00e9enne en mati\u00e8re de d\u00e9veloppement \u00bb<\/p>\n","protected":false},"author":2,"featured_media":14391,"comment_status":"closed","ping_status":"closed","sticky":false,"template":"","format":"standard","meta":{"footnotes":""},"categories":[2,17],"tags":[],"class_list":["post-14390","post","type-post","status-publish","format-standard","has-post-thumbnail","hentry","category-featured","category-politique"],"_links":{"self":[{"href":"https:\/\/www.lintelligentdabidjan.info\/news\/wp-json\/wp\/v2\/posts\/14390","targetHints":{"allow":["GET"]}}],"collection":[{"href":"https:\/\/www.lintelligentdabidjan.info\/news\/wp-json\/wp\/v2\/posts"}],"about":[{"href":"https:\/\/www.lintelligentdabidjan.info\/news\/wp-json\/wp\/v2\/types\/post"}],"author":[{"embeddable":true,"href":"https:\/\/www.lintelligentdabidjan.info\/news\/wp-json\/wp\/v2\/users\/2"}],"replies":[{"embeddable":true,"href":"https:\/\/www.lintelligentdabidjan.info\/news\/wp-json\/wp\/v2\/comments?post=14390"}],"version-history":[{"count":1,"href":"https:\/\/www.lintelligentdabidjan.info\/news\/wp-json\/wp\/v2\/posts\/14390\/revisions"}],"predecessor-version":[{"id":14392,"href":"https:\/\/www.lintelligentdabidjan.info\/news\/wp-json\/wp\/v2\/posts\/14390\/revisions\/14392"}],"wp:featuredmedia":[{"embeddable":true,"href":"https:\/\/www.lintelligentdabidjan.info\/news\/wp-json\/wp\/v2\/media\/14391"}],"wp:attachment":[{"href":"https:\/\/www.lintelligentdabidjan.info\/news\/wp-json\/wp\/v2\/media?parent=14390"}],"wp:term":[{"taxonomy":"category","embeddable":true,"href":"https:\/\/www.lintelligentdabidjan.info\/news\/wp-json\/wp\/v2\/categories?post=14390"},{"taxonomy":"post_tag","embeddable":true,"href":"https:\/\/www.lintelligentdabidjan.info\/news\/wp-json\/wp\/v2\/tags?post=14390"}],"curies":[{"name":"wp","href":"https:\/\/api.w.org\/{rel}","templated":true}]}}