{"id":1440,"date":"2016-11-12T01:03:29","date_gmt":"2016-11-12T00:03:29","guid":{"rendered":"http:\/\/www.lintelligentdabidjan.info\/news\/?p=1440"},"modified":"2016-11-12T01:03:29","modified_gmt":"2016-11-12T00:03:29","slug":"les-samedis-de-biton-la-nouvelle-generation-sera-t-elle-au-pouvoir-en-2020","status":"publish","type":"post","link":"https:\/\/www.lintelligentdabidjan.info\/news\/les-samedis-de-biton-la-nouvelle-generation-sera-t-elle-au-pouvoir-en-2020\/","title":{"rendered":"Les Samedis de Biton : La nouvelle g\u00e9n\u00e9ration sera-t-elle au pouvoir en 2020 ?"},"content":{"rendered":"<p>Depuis cette annonce par le Pr\u00e9sident de R\u00e9publique, une grande effervescence s\u2019est empar\u00e9e de nombreux jeunes qui pensent que leur heure est arriv\u00e9e de se mettre sur la rampe de lancement \u00e0 partir de cette ann\u00e9e, surtout en prenant les l\u00e9gislative comme le vrai tremplin.<!--more--><\/p>\n<p> Mais, il est bon qu\u2019on s\u2019attende sur les mots. C\u2019est quoi ? C\u2019est qui la nouvelle g\u00e9n\u00e9ration ? Une g\u00e9n\u00e9ration part de dix \u00e0 dix ans, si ce n\u2019est de douze \u00e0 douze ans. Moi, dans mon fan club, une g\u00e9n\u00e9ration part de quatre \u00e0 quatre ans. Et comme le PR n\u2019a pas pr\u00e9cis\u00e9 cela, tout le monde se prend pour la nouvelle g\u00e9n\u00e9ration. Dans notre pays, ce sont les trentenaires et les quarantenaires qui se prennent pour la nouvelle g\u00e9n\u00e9ration. Et c\u2019est une vraie erreur, sauf \u00e0 quelques exceptions pr\u00e8s pour ceux qui ont commenc\u00e9 \u00e0 militer ou \u00e0 faire partie des partis politiques \u00e0 partir de vingt ans. A cet \u00e2ge, on sait ce qui pr\u00e9occupe les jeunes. Principalement la conqu\u00eate des c\u0153urs, m\u00eame si faire la cour \u00e0 une femme ob\u00e9it au m\u00eame principe que \u00ab p\u00eacher \u00bb les voix du peuple. A savoir s\u00e9duire et promettre. Ce que beaucoup de jeunes et ces quarantenaires ne savent pas, c\u2019est qu\u2019il existe un seul domaine o\u00f9 la retraite n\u2019existe pas. Et c\u2019est bien la politique. Une vraie carri\u00e8re politique ne commence qu\u2019\u00e0 l\u2019\u00e2ge de cinquante ans tout comme une carri\u00e8re d\u2019\u00e9crivain. Mais encore je tiens \u00e0 signaler qu\u2019il existe des cas exceptionnels. A vingt-cinq ans, j\u2019avais  \u00e9crit, avec succ\u00e8s, mon premier livre et beaucoup d\u2019autres avant mes cinquante ans. Je vois maintenant la diff\u00e9rence entre les deux p\u00e9riodes de ma carri\u00e8re. La nouvelle g\u00e9n\u00e9ration va apprendre rapidement qu\u2019on ne vient pas s\u2019installer aussi facilement  \u00e0 la place des \u00ab croulants \u00bb et qu\u2019en politique, plus l\u2019\u00e2ge monte, plus on s\u2019agrippe \u00e0 son fauteuil. Tous ceux qui ont une parcelle de pouvoir se croient investis par Dieu et l\u2019abandonner avant sa mort, c\u2019est d\u00e9sob\u00e9ir \u00e0 Dieu, le vrai d\u00e9tenteur du pouvoir. Si dans la fonction publique et dans le priv\u00e9 on prend obligatoirement une retraite apr\u00e8s quelques ann\u00e9es de bons et loyaux services ce n\u2019est pas du tout le cas en politique. Le d\u00e9part \u00e0 la retraite, dans l\u2019administration ou le priv\u00e9, correspond au d\u00e9marrage en politique. Je me souviens, comme si c\u2019\u00e9tait hier, des propos de F\u00e9lix Houphou\u00ebt-Boigny qui m\u2019ont \u00e9t\u00e9 rapport\u00e9s par un des intimes. L\u2019un de ses coll\u00e8gues venait de d\u00e9missionner du pouvoir. Le sage s\u2019est moqu\u00e9 de lui : \u00ab Il a fui le pouvoir effray\u00e9 par les difficult\u00e9s. \u00bb Un vieux ne fuit jamais comme un jeune. Ainsi, \u00e0 70 ans bien compt\u00e9s, le Pr\u00e9sident am\u00e9ricain commence une vraie carri\u00e8re de politicien. Notre nouvelle g\u00e9n\u00e9ration va savoir dans quelques semaines si elle est pr\u00eate pour le d\u00e9part de 2020. Elle aura \u00e0 se pr\u00e9senter aux l\u00e9gislatives pour devenir d\u00e9put\u00e9. Presque qu\u2019aucun parti ne choisira un quarantenaire ou m\u00eame un cinquantenaire pour ne pas parler de trentenaire. Et si jamais cette nouvelle g\u00e9n\u00e9ration se lance \u00e0 la course \u00e0 l\u2019h\u00e9micycle ou se pr\u00e9sente en candidat libre comme je le dis des ind\u00e9pendants, ils apprendront rapidement sur le terrain qu\u2019une base \u00e9lectorale se construit sans un minimum de trente ans sur le terrain. Et encore si vous \u00eates du terroir. Car ni un plan de d\u00e9veloppement ou encore moins de l\u2019argent ne poussera les populations \u00e0 vous accorder leur voix si vous \u00eates de la \u00ab diaspora \u00bb, ceux qui ne sont pas les autochtones. Notre d\u00e9mocratie est encore loin de congratuler ceux qui sont n\u00e9s de parents venus d\u2019une autre r\u00e9gion m\u00eame si eux-m\u00eames sont n\u00e9s pr\u00e8s du bois sacr\u00e9 du village ou de la ville. Quand cela arrivera, en grand nombre,  on sera devenu un pays v\u00e9ritablement d\u00e9mocratique. Pour obtenir un poste en politique, il faut pendant des ann\u00e9es, de longues ann\u00e9es, jou\u00e9 au mandarinat. Les jeunes doivent savoir et apprendre qu\u2019en politique  il n\u2019existe pas de g\u00e9n\u00e9ration spontan\u00e9e.  On monte qu\u2019apr\u00e8s un long apprentissage en suivant celui qui est perch\u00e9 sur un arbre qui doit se casser de vieillesse et ainsi vous auriez eu le temps de voir grandir votre propre arbre pouss\u00e9 depuis des g\u00e9n\u00e9rations. Certes, on a vu des jeunes monter plus haut que les vieux, \u00e0 travers un coup d\u2019Etat. On a tous vu comment ces jeunes g\u00e9n\u00e9rations se sont vite effondr\u00e9es sous le coup de boutoir des vieux qui ont de l\u2019exp\u00e9rience, de la sagesse et surtout des relations. Or, une relation solide se construit au moins sur vingt ans. Les jeunes, la nouvelle g\u00e9n\u00e9ration, sont  surtout \u00e0 l\u2019\u00e9coute du peuple. Il est comme la femme, ce peuple, c\u2019est-\u00e0-dire qu\u2019il vit d\u2019\u00e9motion. Or, l\u2019\u00e9motion ne gouverne pas. C\u2019est avec une grande clairvoyance que L\u00e9opold S\u00e9dar Senghor a dit que l\u2019\u00e9motion est n\u00e8gre et la raison est H\u00e9l\u00e8ne. Wole Soyinka a dit qu\u2019on ne se proclame pas n\u00e8gre mais on bondit sur la proie. On voit chaque jour, un peu plus, comment l\u2019\u00e9motion d\u00e9truit tout effort de d\u00e9veloppement de l\u2019Afrique par la n\u00e9gativit\u00e9. Comme le disait le Pr\u00e9sident John F Kennedy : \u00ab  Ceux qui ont voulu monter sur un tigre ont fini par \u00eatre mang\u00e9 par le fauve. \u00bb Tout le monde ne peut pas \u00eatre David contre Goliath. Il faut d\u2019abord faire le chemin retour de chez Kaidara, le Dieu d\u2019or et du savoir. Ainsi va l\u2019Afrique.  A la semaine prochaine !  <\/p>\n","protected":false},"excerpt":{"rendered":"<p>Depuis cette annonce par le Pr\u00e9sident de R\u00e9publique, une grande effervescence s\u2019est empar\u00e9e de nombreux jeunes qui pensent que leur heure est arriv\u00e9e de se mettre sur la rampe de lancement \u00e0 partir de cette ann\u00e9e, surtout en prenant les l\u00e9gislative comme le vrai tremplin.<\/p>\n","protected":false},"author":2,"featured_media":1441,"comment_status":"closed","ping_status":"closed","sticky":false,"template":"","format":"standard","meta":{"_monsterinsights_skip_tracking":false,"_monsterinsights_sitenote_active":false,"_monsterinsights_sitenote_note":"","_monsterinsights_sitenote_category":0,"footnotes":""},"categories":[3],"tags":[],"class_list":["post-1440","post","type-post","status-publish","format-standard","has-post-thumbnail","hentry","category-societe"],"_links":{"self":[{"href":"https:\/\/www.lintelligentdabidjan.info\/news\/wp-json\/wp\/v2\/posts\/1440","targetHints":{"allow":["GET"]}}],"collection":[{"href":"https:\/\/www.lintelligentdabidjan.info\/news\/wp-json\/wp\/v2\/posts"}],"about":[{"href":"https:\/\/www.lintelligentdabidjan.info\/news\/wp-json\/wp\/v2\/types\/post"}],"author":[{"embeddable":true,"href":"https:\/\/www.lintelligentdabidjan.info\/news\/wp-json\/wp\/v2\/users\/2"}],"replies":[{"embeddable":true,"href":"https:\/\/www.lintelligentdabidjan.info\/news\/wp-json\/wp\/v2\/comments?post=1440"}],"version-history":[{"count":1,"href":"https:\/\/www.lintelligentdabidjan.info\/news\/wp-json\/wp\/v2\/posts\/1440\/revisions"}],"predecessor-version":[{"id":1442,"href":"https:\/\/www.lintelligentdabidjan.info\/news\/wp-json\/wp\/v2\/posts\/1440\/revisions\/1442"}],"wp:featuredmedia":[{"embeddable":true,"href":"https:\/\/www.lintelligentdabidjan.info\/news\/wp-json\/wp\/v2\/media\/1441"}],"wp:attachment":[{"href":"https:\/\/www.lintelligentdabidjan.info\/news\/wp-json\/wp\/v2\/media?parent=1440"}],"wp:term":[{"taxonomy":"category","embeddable":true,"href":"https:\/\/www.lintelligentdabidjan.info\/news\/wp-json\/wp\/v2\/categories?post=1440"},{"taxonomy":"post_tag","embeddable":true,"href":"https:\/\/www.lintelligentdabidjan.info\/news\/wp-json\/wp\/v2\/tags?post=1440"}],"curies":[{"name":"wp","href":"https:\/\/api.w.org\/{rel}","templated":true}]}}