{"id":14452,"date":"2019-06-19T01:35:04","date_gmt":"2019-06-18T23:35:04","guid":{"rendered":"https:\/\/www.lintelligentdabidjan.info\/news\/?p=14452"},"modified":"2019-06-19T01:35:47","modified_gmt":"2019-06-18T23:35:47","slug":"diplomatie-la-cote-divoire-et-le-vietnam-pour-le-renforcement-de-leur-cooperation","status":"publish","type":"post","link":"https:\/\/www.lintelligentdabidjan.info\/news\/diplomatie-la-cote-divoire-et-le-vietnam-pour-le-renforcement-de-leur-cooperation\/","title":{"rendered":"Diplomatie : la C\u00f4te d\u2019Ivoire et le Vietnam pour le renforcement de leur coop\u00e9ration"},"content":{"rendered":"<p><strong>Abidjan, le 18 juin 2019 &#8211; Le gouvernement ivoirien, \u00e0 travers le Premier Ministre Amadou Gon Coulibaly, a eu le 18 juin 2019 \u00e0 Abidjan, une s\u00e9ance de travail avec une d\u00e9l\u00e9gation du Parti Communiste Vietnamien, au cours de laquelle les deux parties se sont engag\u00e9es au renforcement de leur coop\u00e9ration.<\/strong><!--more--><\/p>\n<p>Bien que le Vietnam entretienne une bonne coop\u00e9ration avec la C\u00f4te d\u2019Ivoire, le chef de d\u00e9l\u00e9gation, Vo Van Thuong, a estim\u00e9 que celle-ci n\u2019est pas encore \u00e0 la hauteur des attentes des deux pays. D\u2019o\u00f9 le souhait de voir davantage se d\u00e9velopper les relations dans les domaines commercial, politique, diplomatique, etc. Amadou Gon Coulibaly a abond\u00e9 dans le m\u00eame sens.<\/p>\n<p><a href=\"https:\/\/www.lintelligentdabidjan.info\/news\/wp-content\/uploads\/2019\/06\/Amadou-Gon.jpeg\"><img loading=\"lazy\" decoding=\"async\" class=\"aligncenter size-full wp-image-14453\" src=\"https:\/\/www.lintelligentdabidjan.info\/news\/wp-content\/uploads\/2019\/06\/Amadou-Gon.jpeg\" alt=\"Amadou Gon\" width=\"829\" height=\"683\" srcset=\"https:\/\/www.lintelligentdabidjan.info\/news\/wp-content\/uploads\/2019\/06\/Amadou-Gon.jpeg 829w, https:\/\/www.lintelligentdabidjan.info\/news\/wp-content\/uploads\/2019\/06\/Amadou-Gon-300x247.jpeg 300w, https:\/\/www.lintelligentdabidjan.info\/news\/wp-content\/uploads\/2019\/06\/Amadou-Gon-768x633.jpeg 768w, https:\/\/www.lintelligentdabidjan.info\/news\/wp-content\/uploads\/2019\/06\/Amadou-Gon-696x573.jpeg 696w, https:\/\/www.lintelligentdabidjan.info\/news\/wp-content\/uploads\/2019\/06\/Amadou-Gon-510x420.jpeg 510w\" sizes=\"auto, (max-width: 829px) 100vw, 829px\" \/><\/a><\/p>\n<p>D\u2019autre part, le Chef du gouvernement ivoirien a indiqu\u00e9 \u00e0 la d\u00e9l\u00e9gation vietnamienne la volont\u00e9 de la C\u00f4te d\u2019Ivoire de maintenir sa dynamique de croissance et de d\u00e9veloppement sur les dix prochaines ann\u00e9es. Le succ\u00e8s \u00e9conomique du Vietnam et d\u2019autres pays servira de base de r\u00e9flexion \u00e0 cet effet.<\/p>\n","protected":false},"excerpt":{"rendered":"<p>Abidjan, le 18 juin 2019 &#8211; Le gouvernement ivoirien, \u00e0 travers le Premier Ministre Amadou Gon Coulibaly, a eu le 18 juin 2019 \u00e0 Abidjan, une s\u00e9ance de travail avec une d\u00e9l\u00e9gation du Parti Communiste Vietnamien, au cours de laquelle les deux parties se sont engag\u00e9es au renforcement de leur coop\u00e9ration.<\/p>\n","protected":false},"author":2,"featured_media":14454,"comment_status":"closed","ping_status":"closed","sticky":false,"template":"","format":"standard","meta":{"footnotes":""},"categories":[2,17],"tags":[],"class_list":["post-14452","post","type-post","status-publish","format-standard","has-post-thumbnail","hentry","category-featured","category-politique"],"_links":{"self":[{"href":"https:\/\/www.lintelligentdabidjan.info\/news\/wp-json\/wp\/v2\/posts\/14452","targetHints":{"allow":["GET"]}}],"collection":[{"href":"https:\/\/www.lintelligentdabidjan.info\/news\/wp-json\/wp\/v2\/posts"}],"about":[{"href":"https:\/\/www.lintelligentdabidjan.info\/news\/wp-json\/wp\/v2\/types\/post"}],"author":[{"embeddable":true,"href":"https:\/\/www.lintelligentdabidjan.info\/news\/wp-json\/wp\/v2\/users\/2"}],"replies":[{"embeddable":true,"href":"https:\/\/www.lintelligentdabidjan.info\/news\/wp-json\/wp\/v2\/comments?post=14452"}],"version-history":[{"count":2,"href":"https:\/\/www.lintelligentdabidjan.info\/news\/wp-json\/wp\/v2\/posts\/14452\/revisions"}],"predecessor-version":[{"id":14456,"href":"https:\/\/www.lintelligentdabidjan.info\/news\/wp-json\/wp\/v2\/posts\/14452\/revisions\/14456"}],"wp:featuredmedia":[{"embeddable":true,"href":"https:\/\/www.lintelligentdabidjan.info\/news\/wp-json\/wp\/v2\/media\/14454"}],"wp:attachment":[{"href":"https:\/\/www.lintelligentdabidjan.info\/news\/wp-json\/wp\/v2\/media?parent=14452"}],"wp:term":[{"taxonomy":"category","embeddable":true,"href":"https:\/\/www.lintelligentdabidjan.info\/news\/wp-json\/wp\/v2\/categories?post=14452"},{"taxonomy":"post_tag","embeddable":true,"href":"https:\/\/www.lintelligentdabidjan.info\/news\/wp-json\/wp\/v2\/tags?post=14452"}],"curies":[{"name":"wp","href":"https:\/\/api.w.org\/{rel}","templated":true}]}}