{"id":14470,"date":"2019-06-19T16:20:55","date_gmt":"2019-06-19T14:20:55","guid":{"rendered":"https:\/\/www.lintelligentdabidjan.info\/news\/?p=14470"},"modified":"2019-06-19T16:36:00","modified_gmt":"2019-06-19T14:36:00","slug":"reinsertion-socio-economique-935-ex-migrants-reinseres-dans-le-tissu-economique","status":"publish","type":"post","link":"https:\/\/www.lintelligentdabidjan.info\/news\/reinsertion-socio-economique-935-ex-migrants-reinseres-dans-le-tissu-economique\/","title":{"rendered":"R\u00e9insertion socio-\u00e9conomique: 935 ex-migrants r\u00e9ins\u00e9r\u00e9s dans le tissu \u00e9conomique"},"content":{"rendered":"<p><em><br \/>\n<strong>Le gouvernement ivoirien et ses partenaires sont engag\u00e9s \u00e0 faciliter le retour et la r\u00e9insertion socio-\u00e9conomique des migrants irr\u00e9guliers. \u00c0 ce jour, 935 personnes ont b\u00e9n\u00e9fici\u00e9 d\u2019un accompagnement, en termes de formation professionnelle et de cr\u00e9ation d\u2019activit\u00e9s g\u00e9n\u00e9ratrices de revenus, notamment dans les m\u00e9tiers du b\u00e2timent, de la production animale et de l\u2019agriculture.<\/strong><\/em><\/p>\n<p>En 2018, Yves Assi, un vigile, tente l\u2019aventure de l\u2019Europe avec son \u00e9pouse. Bloqu\u00e9s en Tunisie, faute de moyens, ils d\u00e9cident de rentrer au pays. Int\u00e9gr\u00e9s dans le programme de r\u00e9insertion des migrants, initi\u00e9 par le gouvernement, l\u2019Organisation Internationale pour les Migrations (OIM) et l\u2019Union Europ\u00e9enne (UE) \u00e0 Azagui\u00e9, ils sont aujourd\u2019hui g\u00e9rants d\u2019une ferme avicole.<\/p>\n<p>Comme Yves, plus de 900 ex-migrants ont \u00e9t\u00e9 r\u00e9ins\u00e9r\u00e9s dans le tissu socio-\u00e9conomique, gr\u00e2ce \u00e0 des projets privil\u00e9giant l\u2019auto-emploi. A Azagui\u00e9, 50 ex-migrants ont \u00e9t\u00e9 form\u00e9s \u00e0 la production de p\u00e9pini\u00e8res de cacao, de palmier \u00e0 huile et de banane plantain, de m\u00eame qu\u2019\u00e0 la production de volaille. Trois fermes avicoles, d\u2019une capacit\u00e9 de 1\u202f000 poulets de chair chacune, ont \u00e9t\u00e9 cr\u00e9\u00e9es \u00e0 leur intention.<\/p>\n<p>\u00c0 Korhogo, une vingtaine d\u2019ex-migrants exercent dans l\u2019apiculture et l\u2019aviculture. Plusieurs centaines d\u2019autres ont b\u00e9n\u00e9fici\u00e9, via l\u2019Agence Nationale de D\u00e9veloppement Rural (ANADER) de formation en gestion entrepreneuriale, comptabilit\u00e9 simplifi\u00e9e et techniques de commercialisation. Depuis mai 2017, le gouvernement ivoirien et ses partenaires ont facilit\u00e9 le retour de pr\u00e8s de 5 000 migrants irr\u00e9guliers.<\/p>\n<p>TEMOIGNAGES :<\/p>\n<p>Lavircia Prati, charg\u00e9e de la r\u00e9int\u00e9gration \u00e0 l\u2019OIM<br \/>\nLe projet est en bonne voie<br \/>\n<em>\u00ab L\u2019OIM est satisfaite de la r\u00e9alisation de ce projet qui a d\u00e9but\u00e9 ici \u00e0 Azagui\u00e9. Il est en bonne voie. Les migrants sont \u00e9galement satisfaits \u00bb<\/em>.<\/p>\n<p>Yves Assi, ex-migrant, g\u00e9rant d\u2019une ferme de volailles \u00e0 Azagui\u00e9<br \/>\nL&#8217;Eldorado se trouve ici<br \/>\n<em>\u00ab Il y a de l\u2019espoir pour nous ici. Nous exhortons ceux qui tentent l\u2019aventure p\u00e9rilleuse vers l\u2019Europe \u00e0 reconsid\u00e9rer leur position. L\u2019Eldorado se trouve ici \u00bb.<\/em><\/p>\n<p>Madikan Diarrassouba, ex-migrante, productrice de p\u00e9pini\u00e8res \u00e0 Azagui\u00e9<br \/>\nJ&#8217;ai b\u00e9n\u00e9fici\u00e9 d&#8217;une formation de production de p\u00e9pini\u00e8res<br \/>\n<em>\u00ab Deux jours apr\u00e8s mon retour, j\u2019ai b\u00e9n\u00e9fici\u00e9 d\u2019une formation de production de p\u00e9pini\u00e8res. \u00c7a rapporte bien. Je regrette l\u2019aventure, parce que je suis partie avec une amie qui est d\u00e9c\u00e9d\u00e9e en mer \u00bb.<\/em><\/p>\n<p>Djamila Bakayoko, ex-migrante, pr\u00e9sidente d\u2019un groupement de production de lapins \u00e0 Songon<br \/>\nNous sommes satisfaits des retomb\u00e9es financi\u00e8res<br \/>\n<em>\u00ab Mes coll\u00e8gues et moi sommes satisfaits des retomb\u00e9es financi\u00e8res de nos projets. Nous envisageons accro\u00eetre tr\u00e8s rapidement le nombre de lapins \u00bb.<\/em>     <\/p>\n<p><strong> Source : Centre d\u2019information et de Communication Gouvernementale (CICG \u2013 C\u00f4te d\u2019Ivoire)<\/strong><\/p>\n","protected":false},"excerpt":{"rendered":"<p>Le gouvernement ivoirien et ses partenaires sont engag\u00e9s \u00e0 faciliter le retour et la r\u00e9insertion socio-\u00e9conomique des migrants irr\u00e9guliers. \u00c0 ce jour, 935 personnes ont b\u00e9n\u00e9fici\u00e9 d\u2019un accompagnement, en termes de formation professionnelle et de cr\u00e9ation d\u2019activit\u00e9s g\u00e9n\u00e9ratrices de revenus, notamment dans les m\u00e9tiers du b\u00e2timent, de la production animale et de l\u2019agriculture. En 2018, [&hellip;]<\/p>\n","protected":false},"author":3,"featured_media":14471,"comment_status":"closed","ping_status":"closed","sticky":false,"template":"","format":"standard","meta":{"_monsterinsights_skip_tracking":false,"_monsterinsights_sitenote_active":false,"_monsterinsights_sitenote_note":"","_monsterinsights_sitenote_category":0,"footnotes":""},"categories":[2,3],"tags":[77,482,483],"class_list":["post-14470","post","type-post","status-publish","format-standard","has-post-thumbnail","hentry","category-featured","category-societe","tag-cote-divoire","tag-ex-migrant","tag-reinsertion-socio-economique"],"_links":{"self":[{"href":"https:\/\/www.lintelligentdabidjan.info\/news\/wp-json\/wp\/v2\/posts\/14470","targetHints":{"allow":["GET"]}}],"collection":[{"href":"https:\/\/www.lintelligentdabidjan.info\/news\/wp-json\/wp\/v2\/posts"}],"about":[{"href":"https:\/\/www.lintelligentdabidjan.info\/news\/wp-json\/wp\/v2\/types\/post"}],"author":[{"embeddable":true,"href":"https:\/\/www.lintelligentdabidjan.info\/news\/wp-json\/wp\/v2\/users\/3"}],"replies":[{"embeddable":true,"href":"https:\/\/www.lintelligentdabidjan.info\/news\/wp-json\/wp\/v2\/comments?post=14470"}],"version-history":[{"count":3,"href":"https:\/\/www.lintelligentdabidjan.info\/news\/wp-json\/wp\/v2\/posts\/14470\/revisions"}],"predecessor-version":[{"id":14475,"href":"https:\/\/www.lintelligentdabidjan.info\/news\/wp-json\/wp\/v2\/posts\/14470\/revisions\/14475"}],"wp:featuredmedia":[{"embeddable":true,"href":"https:\/\/www.lintelligentdabidjan.info\/news\/wp-json\/wp\/v2\/media\/14471"}],"wp:attachment":[{"href":"https:\/\/www.lintelligentdabidjan.info\/news\/wp-json\/wp\/v2\/media?parent=14470"}],"wp:term":[{"taxonomy":"category","embeddable":true,"href":"https:\/\/www.lintelligentdabidjan.info\/news\/wp-json\/wp\/v2\/categories?post=14470"},{"taxonomy":"post_tag","embeddable":true,"href":"https:\/\/www.lintelligentdabidjan.info\/news\/wp-json\/wp\/v2\/tags?post=14470"}],"curies":[{"name":"wp","href":"https:\/\/api.w.org\/{rel}","templated":true}]}}