{"id":14476,"date":"2019-06-19T20:51:02","date_gmt":"2019-06-19T18:51:02","guid":{"rendered":"https:\/\/www.lintelligentdabidjan.info\/news\/?p=14476"},"modified":"2019-06-19T21:07:01","modified_gmt":"2019-06-19T19:07:01","slug":"cote-divoire-le-programme-social-du-gouvernement-explique-aux-populations-gbemazo-worofla","status":"publish","type":"post","link":"https:\/\/www.lintelligentdabidjan.info\/news\/cote-divoire-le-programme-social-du-gouvernement-explique-aux-populations-gbemazo-worofla\/","title":{"rendered":"C\u00f4te d\u2019Ivoire : le programme social du gouvernement expliqu\u00e9 aux populations Gb\u00e9mazo-Worofla"},"content":{"rendered":"<p><em><strong>Au cours d\u2019une tourn\u00e9e d\u2019information et de sensibilisation organis\u00e9e du 7 au 10 juin 2019,  \u00e0 Gb\u00e9mazo (sous-pr\u00e9fecture de Worofla, d\u00e9partement de S\u00e9gu\u00e9la) et dans les villages environnants, les cadres de Gb\u00e9mazo ont expliqu\u00e9 aux populations l\u2019engagement du gouvernement \u00e0 faire davantage en mati\u00e8re d\u2019actions sociales.<\/strong><\/em><\/p>\n<p><em>\u00ab Le Programme Social du Gouvernement 2019-2020 est la volont\u00e9 affirm\u00e9e du gouvernement d\u2019am\u00e9liorer le quotidien des populations. Le gouvernement a d\u00e9cid\u00e9 d\u2019aller plus loin et de faire plus, parce qu\u2019il n\u2019y a de d\u00e9veloppement que ce qui impacte positivement les conditions sociales des hommes et des femmes \u00bb<\/em>, a indiqu\u00e9 Bakary Sanogo, Conseiller Sp\u00e9cial  du Premier Ministre Amadou Gon Coulibaly et fils de la r\u00e9gion.<\/p>\n<p>Selon Bakary Sanogo, de nombreuses r\u00e9alisations ont vu le jour dans tout le pays, en termes de services sociaux, notamment dans les secteurs de l\u2019eau potable, des pistes rurales, de l\u2019\u00e9lectrification, de l\u2019\u00e9ducation et de la sant\u00e9.<\/p>\n<p>\u00c0 titre d\u2019exemple, il a cit\u00e9 le secteur de l\u2019eau potable, o\u00f9 plus de 3000 nouvelles localit\u00e9s ont \u00e9t\u00e9 reli\u00e9es au r\u00e9seau d\u2019eau potable depuis 2010, gr\u00e2ce au programme \u201cEau Pour Tous\u201d. <\/p>\n<p>Le programme \u2018\u2019Electricit\u00e9 pour Tous\u2019\u2019 a \u00e9t\u00e9 \u00e9galement \u00e9voqu\u00e9, avec la possibilit\u00e9 pour les m\u00e9nages de b\u00e9n\u00e9ficier d\u2019abonnements sociaux, avec un paiement initial de 1000 FCFA.<br \/>\n<img loading=\"lazy\" decoding=\"async\" src=\"https:\/\/www.lintelligentdabidjan.info\/news\/wp-content\/uploads\/2019\/06\/fem-300x199.jpg\" alt=\"fem\" width=\"300\" height=\"199\" class=\"alignnone size-medium wp-image-14480\" srcset=\"https:\/\/www.lintelligentdabidjan.info\/news\/wp-content\/uploads\/2019\/06\/fem-300x199.jpg 300w, https:\/\/www.lintelligentdabidjan.info\/news\/wp-content\/uploads\/2019\/06\/fem-768x510.jpg 768w, https:\/\/www.lintelligentdabidjan.info\/news\/wp-content\/uploads\/2019\/06\/fem-696x462.jpg 696w, https:\/\/www.lintelligentdabidjan.info\/news\/wp-content\/uploads\/2019\/06\/fem-633x420.jpg 633w, https:\/\/www.lintelligentdabidjan.info\/news\/wp-content\/uploads\/2019\/06\/fem.jpg 1000w\" sizes=\"auto, (max-width: 300px) 100vw, 300px\" \/><\/p>\n<p>Une politique qui a permis \u00e0 500 000 m\u00e9nages d\u2019avoir acc\u00e8s \u00e0 l\u2019\u00e9lectricit\u00e9 entre 2014 et 2018.<\/p>\n<p>Mais, a-t-il ajout\u00e9, au regard du passif social des deux derni\u00e8res d\u00e9cennies, notamment de l\u2019\u00e9tat de d\u00e9labrement \u00e9conomique du pays au sortir de la crise post-\u00e9lectorale de 2011, le Pr\u00e9sident de la R\u00e9publique Alassane Ouattara a estim\u00e9 qu\u2019il fallait faire davantage afin de r\u00e9pondre aux besoins croissants et l\u00e9gitimes des populations. <\/p>\n<p>Les populations de Gb\u00e9mazo, Kondogo et Karaba ont saisi l\u2019occasion pour exprimer leur reconnaissance au gouvernement pour le ch\u00e2teau d\u2019eau, le centre de sant\u00e9, l\u2019extension de l\u2019\u00e9cole primaire de Gb\u00e9mazo et l\u2019\u00e9lectrification dont elles ont b\u00e9n\u00e9fici\u00e9 depuisl\u2019arriv\u00e9e au pouvoir du Pr\u00e9sident Alassane Ouattara.<\/p>\n<p><strong>Correspondance particuli\u00e8re<\/strong> <\/p>\n","protected":false},"excerpt":{"rendered":"<p>Au cours d\u2019une tourn\u00e9e d\u2019information et de sensibilisation organis\u00e9e du 7 au 10 juin 2019, \u00e0 Gb\u00e9mazo (sous-pr\u00e9fecture de Worofla, d\u00e9partement de S\u00e9gu\u00e9la) et dans les villages environnants, les cadres de Gb\u00e9mazo ont expliqu\u00e9 aux populations l\u2019engagement du gouvernement \u00e0 faire davantage en mati\u00e8re d\u2019actions sociales. \u00ab Le Programme Social du Gouvernement 2019-2020 est la [&hellip;]<\/p>\n","protected":false},"author":3,"featured_media":14477,"comment_status":"closed","ping_status":"closed","sticky":false,"template":"","format":"standard","meta":{"_monsterinsights_skip_tracking":false,"_monsterinsights_sitenote_active":false,"_monsterinsights_sitenote_note":"","_monsterinsights_sitenote_category":0,"footnotes":""},"categories":[2,3],"tags":[77,485,484],"class_list":["post-14476","post","type-post","status-publish","format-standard","has-post-thumbnail","hentry","category-featured","category-societe","tag-cote-divoire","tag-gbemazo-worofla","tag-social"],"_links":{"self":[{"href":"https:\/\/www.lintelligentdabidjan.info\/news\/wp-json\/wp\/v2\/posts\/14476","targetHints":{"allow":["GET"]}}],"collection":[{"href":"https:\/\/www.lintelligentdabidjan.info\/news\/wp-json\/wp\/v2\/posts"}],"about":[{"href":"https:\/\/www.lintelligentdabidjan.info\/news\/wp-json\/wp\/v2\/types\/post"}],"author":[{"embeddable":true,"href":"https:\/\/www.lintelligentdabidjan.info\/news\/wp-json\/wp\/v2\/users\/3"}],"replies":[{"embeddable":true,"href":"https:\/\/www.lintelligentdabidjan.info\/news\/wp-json\/wp\/v2\/comments?post=14476"}],"version-history":[{"count":3,"href":"https:\/\/www.lintelligentdabidjan.info\/news\/wp-json\/wp\/v2\/posts\/14476\/revisions"}],"predecessor-version":[{"id":14481,"href":"https:\/\/www.lintelligentdabidjan.info\/news\/wp-json\/wp\/v2\/posts\/14476\/revisions\/14481"}],"wp:featuredmedia":[{"embeddable":true,"href":"https:\/\/www.lintelligentdabidjan.info\/news\/wp-json\/wp\/v2\/media\/14477"}],"wp:attachment":[{"href":"https:\/\/www.lintelligentdabidjan.info\/news\/wp-json\/wp\/v2\/media?parent=14476"}],"wp:term":[{"taxonomy":"category","embeddable":true,"href":"https:\/\/www.lintelligentdabidjan.info\/news\/wp-json\/wp\/v2\/categories?post=14476"},{"taxonomy":"post_tag","embeddable":true,"href":"https:\/\/www.lintelligentdabidjan.info\/news\/wp-json\/wp\/v2\/tags?post=14476"}],"curies":[{"name":"wp","href":"https:\/\/api.w.org\/{rel}","templated":true}]}}