{"id":14492,"date":"2019-06-20T01:54:14","date_gmt":"2019-06-19T23:54:14","guid":{"rendered":"https:\/\/www.lintelligentdabidjan.info\/news\/?p=14492"},"modified":"2019-06-20T01:54:14","modified_gmt":"2019-06-19T23:54:14","slug":"monnaie-unique-de-la-cedeao-adama-kone-situe-les-enjeux-dans-lespace-communautaire","status":"publish","type":"post","link":"https:\/\/www.lintelligentdabidjan.info\/news\/monnaie-unique-de-la-cedeao-adama-kone-situe-les-enjeux-dans-lespace-communautaire\/","title":{"rendered":"Monnaie unique de la CEDEAO: Adama Kon\u00e9 situe les enjeux dans l\u2019espace communautaire"},"content":{"rendered":"<p><em><br \/>\n<strong>La r\u00e9union des ministres des Finances et des gouverneurs des banques centrales des \u00c9tats membres de la CEDEAO sur le programme de la monnaie unique de l\u2019espace communautaire s&#8217;est achev\u00e9e \u00e0 Abidjan, le mardi 18 juin 2019. <\/strong><\/em><\/p>\n<p>Selon le ministre ivoirien de l\u2019\u00c9conomie et des Finances, Adama Kon\u00e9, qui a lu le rapport final, la monnaie repr\u00e9sente pour l\u2019\u00e9conomie ce que le sang est pour le corps humain : \u00ab Sa quantit\u00e9 et sa qualit\u00e9 sont d\u2019une grande importance. Aussi, le processus de cr\u00e9ation d\u2019une monnaie qui viendra se substituer \u00e0 nos monnaies locales est-il n\u00e9cessairement complexe et d\u00e9licat. Il exige que nous nous assurions de la qualit\u00e9 de cette monnaie et de sa comptabilit\u00e9 avec nos \u00e9conomies puisque nous devons faire en sorte que la sant\u00e9 des principaux organes de nos \u00e9conomies, au travers desquels celle-ci devra circuler, soit en mesure de l\u2019accepter.<\/p>\n<p>C\u2019est tout l\u2019enjeu des diff\u00e9rentes activit\u00e9s consign\u00e9es dans la feuille de route adopt\u00e9e par les plus hautes autorit\u00e9s de notre communaut\u00e9 et dont l\u2019\u00e9valuation de la mise en \u0153uvre nous est confi\u00e9e. \u00c0 l\u2019issue de nos travaux, je me f\u00e9licite des avanc\u00e9es notables que nous avons pu relever ensemble. Notamment en ce qui concerne les performances en mati\u00e8re de convergence macro-\u00e9conomique de nos \u00e9conomies, qui constitue \u00e0 n\u2019en point douter une condition sine qua non de la qualit\u00e9 du processus de l\u2019engagement de nos \u00c9tats membres. Je voudrais \u00e0 cet \u00e9gard exhorter la commission de la CEDEAO et l\u2019ensemble des institutions impliqu\u00e9es \u00e0 renforcer le m\u00e9canisme de la surveillance multilat\u00e9rale, et inviter tous mes coll\u00e8gues en charge de l\u2019\u00e9conomie et des Finances, \u00e0 s\u2019y impliquer pleinement. C\u2019est \u00e0 ce prix que nous r\u00e9ussirons les importants chantiers indispensables que sont la coordination des politiques \u00e9conomiques et la stabilit\u00e9 de la convergence macro-\u00e9conomique, la consolidation du march\u00e9 commun de la CEDEAO et enfin, l\u2019harmonisation des normes et pratiques statistiques.<\/p>\n<p>Il y a \u00e9galement le choix appropri\u00e9 du taux de change, le cadre de la politique mon\u00e9taire, le mod\u00e8le de la banque centrale et l\u2019harmonisation des statistiques de la balance  des paiements de la production ext\u00e9rieure des \u00c9tats. Sur cette d\u00e9licate question, je me f\u00e9licite du sens de responsabilit\u00e9 et de sagesse dont nous avons fait preuve pendant nos d\u00e9bats. En effet, je note avec satisfaction  les points de convergence auxquels nous sommes parvenus sur l\u2019ensemble de ces points. Concernant l\u2019int\u00e9gration des march\u00e9s financiers et des capitaux, nous avons not\u00e9 des avanc\u00e9es importantes. J\u2019encourage vivement nos institutions qui en sont responsables \u00e0 les finaliser.<\/p>\n<p>Par ailleurs, nous avons not\u00e9 des activit\u00e9s dont l\u2019ex\u00e9cution m\u00e9rite d\u2019\u00eatre acc\u00e9l\u00e9r\u00e9e, notamment la cr\u00e9ation du fonds de solidarit\u00e9  et de stabilit\u00e9 communautaires, l\u2019harmonisation des statistiques mon\u00e9taires et financi\u00e8res, et la mise en place du syst\u00e8me de paiement et de r\u00e8glement de la CEDEAO. J\u2019exhorte l\u2019ensemble des institutions qui en ont la charge \u00e0 mutualiser leurs ressources et comp\u00e9tences pour les mener \u00e0 bien et \u00e0 bonne date. Ces activit\u00e9s sont essentielles car la feuille de route est un tout et nos mandats ne sauraient se satisfaire d\u2019une mise en \u0153uvre partielle \u00bb.<br \/>\nLe ministre Adama Kon\u00e9 a rappel\u00e9 les performances de l\u2019\u00e9conomie r\u00e9gionale, en am\u00e9lioration continue depuis mi 2016, passant \u00e0 une croissance de 3% en 2018 contre 2,3% en 2017. Le pr\u00e9sident de la Commission de la CEDEAO, Jean-Claude BROU a indiqu\u00e9 pour sa part, que les recommandations de cette rencontre seront soumises \u00e0 la conf\u00e9rence des Chefs d\u2019\u00c9tat, pr\u00e9vue le 29 juin \u00e0 Abuja, d\u2019autant plus que les Chefs d\u2019\u00c9tat se sont fix\u00e9 l\u2019\u00e9ch\u00e9ance de 2020 pour aboutir  \u00e0 la cr\u00e9ation de la monnaie unique de l\u2019espace CEDEAO.<\/p>\n<p><strong>OD avec Sercom MEF<br \/>\n <\/strong><\/p>\n","protected":false},"excerpt":{"rendered":"<p>La r\u00e9union des ministres des Finances et des gouverneurs des banques centrales des \u00c9tats membres de la CEDEAO sur le programme de la monnaie unique de l\u2019espace communautaire s&#8217;est achev\u00e9e \u00e0 Abidjan, le mardi 18 juin 2019. Selon le ministre ivoirien de l\u2019\u00c9conomie et des Finances, Adama Kon\u00e9, qui a lu le rapport final, la [&hellip;]<\/p>\n","protected":false},"author":3,"featured_media":0,"comment_status":"closed","ping_status":"closed","sticky":false,"template":"","format":"standard","meta":{"_monsterinsights_skip_tracking":false,"_monsterinsights_sitenote_active":false,"_monsterinsights_sitenote_note":"","_monsterinsights_sitenote_category":0,"footnotes":""},"categories":[2,18],"tags":[492,83,493,494],"class_list":["post-14492","post","type-post","status-publish","format-standard","hentry","category-featured","category-economie","tag-adama-kone","tag-cedeao","tag-espace-communautaire","tag-monnaie"],"_links":{"self":[{"href":"https:\/\/www.lintelligentdabidjan.info\/news\/wp-json\/wp\/v2\/posts\/14492","targetHints":{"allow":["GET"]}}],"collection":[{"href":"https:\/\/www.lintelligentdabidjan.info\/news\/wp-json\/wp\/v2\/posts"}],"about":[{"href":"https:\/\/www.lintelligentdabidjan.info\/news\/wp-json\/wp\/v2\/types\/post"}],"author":[{"embeddable":true,"href":"https:\/\/www.lintelligentdabidjan.info\/news\/wp-json\/wp\/v2\/users\/3"}],"replies":[{"embeddable":true,"href":"https:\/\/www.lintelligentdabidjan.info\/news\/wp-json\/wp\/v2\/comments?post=14492"}],"version-history":[{"count":1,"href":"https:\/\/www.lintelligentdabidjan.info\/news\/wp-json\/wp\/v2\/posts\/14492\/revisions"}],"predecessor-version":[{"id":14493,"href":"https:\/\/www.lintelligentdabidjan.info\/news\/wp-json\/wp\/v2\/posts\/14492\/revisions\/14493"}],"wp:attachment":[{"href":"https:\/\/www.lintelligentdabidjan.info\/news\/wp-json\/wp\/v2\/media?parent=14492"}],"wp:term":[{"taxonomy":"category","embeddable":true,"href":"https:\/\/www.lintelligentdabidjan.info\/news\/wp-json\/wp\/v2\/categories?post=14492"},{"taxonomy":"post_tag","embeddable":true,"href":"https:\/\/www.lintelligentdabidjan.info\/news\/wp-json\/wp\/v2\/tags?post=14492"}],"curies":[{"name":"wp","href":"https:\/\/api.w.org\/{rel}","templated":true}]}}