{"id":14494,"date":"2019-06-20T01:59:38","date_gmt":"2019-06-19T23:59:38","guid":{"rendered":"https:\/\/www.lintelligentdabidjan.info\/news\/?p=14494"},"modified":"2019-06-20T12:23:39","modified_gmt":"2019-06-20T10:23:39","slug":"santela-supplementation-en-vitamine-a-des-enfants-annoncee","status":"publish","type":"post","link":"https:\/\/www.lintelligentdabidjan.info\/news\/santela-supplementation-en-vitamine-a-des-enfants-annoncee\/","title":{"rendered":"Sant\u00e9:La suppl\u00e9mentation en vitamine A des enfants annonc\u00e9e"},"content":{"rendered":"<p><em><br \/>\n<strong>Le programme national de nutrition (Pnn) proc\u00e9dera du vendredi 21 au lundi 24 juin 2019 \u00e0 la suppl\u00e9mentation en vitamine A doubl\u00e9e de l&#8217;administration de d\u00e9parasitant aux enfants \u00e2g\u00e9s de 6 \u00e0 59 mois dans 57 districts sanitaires sur l&#8217;\u00e9tendue du territoire national.<\/strong><\/em><\/p>\n<p>Le lancement de la semaine nationale d&#8217;intensification des activit\u00e9s de nutrition (Sian)  sera fait  le vendredi 21 juin 2019 \u00e0 la gare routi\u00e8re de Sakassou par Aka Aouel\u00e9 Eug\u00e8ne, ministre de la Sant\u00e9 et de l&#8217;Hygi\u00e8ne publique.<br \/>\n5 602 982 sont concern\u00e9s par ce programme. Les enfants \u00e0 suppl\u00e9menter en vitamine A sont au nombre de 520 496. La suppl\u00e9mentation en vitamine A concerne les enfants (filles et gar\u00e7ons ) \u00e2g\u00e9s de 6 \u00e0 59 mois. Sont concern\u00e9s par le d\u00e9parasitage les enfants dont la tranche d&#8217;\u00e2ge varie entre 12 et 59 mois et concerne 5 082 486 enfants.<\/p>\n<p>La vitamine A selon Pnn est n\u00e9cessaire pour la bonne sant\u00e9 de l&#8217;enfant. Sa carence chez l&#8217;enfant constitue une menace pour sa vie. &#8221; Les carences en vitamine A et en fer sont des probl\u00e8mes majeurs de sant\u00e9 publique qui ont un impact n\u00e9gatif sur le d\u00e9veloppement socio-\u00e9conomique par leurs cautions directes ou indirectes sur la mobilit\u00e9 et la mortalit\u00e9 des enfants de 0 \u00e0 5 ans&#8221;. La vitamine A est un micronutrition essentiel pour la croissance et le d\u00e9veloppement de l&#8217;enfant. Elle permet de pr\u00e9venir et d&#8217;att\u00e9nuer la gravit\u00e9 de nombreuses infections en renfor\u00e7ant le syst\u00e8me immunitaire. Elle r\u00e9duit de 23% \u00e0 30% la mortalit\u00e9 infantile, de 50 % le nombre de d\u00e9c\u00e8s dus \u00e0 la rougeole et de 40% ceux de la diarrh\u00e9e. Quant \u00e0 la carence en fer, responsable d&#8217;Am\u00e9lie, elle est le plus souvent provoqu\u00e9e par les vers h\u00e9matophages.<\/p>\n<p>Selon le communiqu\u00e9,  l&#8217;hypovitaminose A et les parasitoses, malgr\u00e9 une baisse ces derni\u00e8res ann\u00e9es en C\u00f4te d&#8217;Ivoire de 33% \u00e0 26% constituent encore un risque pour 60% des enfants de 6 \u00e0 59 mois.<\/p>\n<p><strong>EF avec PNN<\/strong><\/p>\n","protected":false},"excerpt":{"rendered":"<p>Le programme national de nutrition (Pnn) proc\u00e9dera du vendredi 21 au lundi 24 juin 2019 \u00e0 la suppl\u00e9mentation en vitamine A doubl\u00e9e de l&#8217;administration de d\u00e9parasitant aux enfants \u00e2g\u00e9s de 6 \u00e0 59 mois dans 57 districts sanitaires sur l&#8217;\u00e9tendue du territoire national. Le lancement de la semaine nationale d&#8217;intensification des activit\u00e9s de nutrition (Sian) [&hellip;]<\/p>\n","protected":false},"author":3,"featured_media":14517,"comment_status":"closed","ping_status":"closed","sticky":false,"template":"","format":"standard","meta":{"_monsterinsights_skip_tracking":false,"_monsterinsights_sitenote_active":false,"_monsterinsights_sitenote_note":"","_monsterinsights_sitenote_category":0,"footnotes":""},"categories":[2,3],"tags":[497,495,496],"class_list":["post-14494","post","type-post","status-publish","format-standard","has-post-thumbnail","hentry","category-featured","category-societe","tag-enfants","tag-sante","tag-vitamine"],"_links":{"self":[{"href":"https:\/\/www.lintelligentdabidjan.info\/news\/wp-json\/wp\/v2\/posts\/14494","targetHints":{"allow":["GET"]}}],"collection":[{"href":"https:\/\/www.lintelligentdabidjan.info\/news\/wp-json\/wp\/v2\/posts"}],"about":[{"href":"https:\/\/www.lintelligentdabidjan.info\/news\/wp-json\/wp\/v2\/types\/post"}],"author":[{"embeddable":true,"href":"https:\/\/www.lintelligentdabidjan.info\/news\/wp-json\/wp\/v2\/users\/3"}],"replies":[{"embeddable":true,"href":"https:\/\/www.lintelligentdabidjan.info\/news\/wp-json\/wp\/v2\/comments?post=14494"}],"version-history":[{"count":1,"href":"https:\/\/www.lintelligentdabidjan.info\/news\/wp-json\/wp\/v2\/posts\/14494\/revisions"}],"predecessor-version":[{"id":14495,"href":"https:\/\/www.lintelligentdabidjan.info\/news\/wp-json\/wp\/v2\/posts\/14494\/revisions\/14495"}],"wp:featuredmedia":[{"embeddable":true,"href":"https:\/\/www.lintelligentdabidjan.info\/news\/wp-json\/wp\/v2\/media\/14517"}],"wp:attachment":[{"href":"https:\/\/www.lintelligentdabidjan.info\/news\/wp-json\/wp\/v2\/media?parent=14494"}],"wp:term":[{"taxonomy":"category","embeddable":true,"href":"https:\/\/www.lintelligentdabidjan.info\/news\/wp-json\/wp\/v2\/categories?post=14494"},{"taxonomy":"post_tag","embeddable":true,"href":"https:\/\/www.lintelligentdabidjan.info\/news\/wp-json\/wp\/v2\/tags?post=14494"}],"curies":[{"name":"wp","href":"https:\/\/api.w.org\/{rel}","templated":true}]}}