{"id":14496,"date":"2019-06-20T02:02:49","date_gmt":"2019-06-20T00:02:49","guid":{"rendered":"https:\/\/www.lintelligentdabidjan.info\/news\/?p=14496"},"modified":"2019-06-20T03:00:19","modified_gmt":"2019-06-20T01:00:19","slug":"cei-gon-coulibaly-nous-avons-entendu-tout-le-monde-des-propositions-concretes-bientot","status":"publish","type":"post","link":"https:\/\/www.lintelligentdabidjan.info\/news\/cei-gon-coulibaly-nous-avons-entendu-tout-le-monde-des-propositions-concretes-bientot\/","title":{"rendered":"Cei-Gon Coulibaly : \u201cNous avons entendu tout le monde, des propositions concr\u00e8tes bient\u00f4t\u201d"},"content":{"rendered":"<p><em><strong>Le Premier ministre Amadou Gon Coulibaly a pr\u00e9sid\u00e9, mercredi 19 juin 2019 au Centre de conf\u00e9rences du minist\u00e8re des Affaires \u00e9trang\u00e8res, au Plateau, la rencontre finale avec les groupements et partis politiques, de m\u00eame que les organisations de la soci\u00e9t\u00e9 civile, dans le cadre du Dialogue Politique sur la r\u00e9forme de la CEI. <\/strong><\/em><\/p>\n<p>Cette ultime r\u00e9union avant les discussions en conseil des ministres, a enregistr\u00e9 l\u2019absence de certains partis politiques de l\u2019opposition, dont le PDCI-RDA. Au terme de la r\u00e9union, le chef du gouvernement ivoirien a not\u00e9 que des points de convergence ont \u00e9t\u00e9 trouv\u00e9s, m\u00eame s\u2019il y a encore des divergences entre les groupements politiques et la soci\u00e9t\u00e9 civile : \u00ab C\u2019est sur la base des premi\u00e8res convergences issues des rencontres avec le ministre de l\u2019Int\u00e9rieur que nous avons eu cette rencontre. Nous avons not\u00e9 aujourd\u2019hui des points de convergence au niveau de l\u2019ensemble des acteurs, quelques points de divergence qu\u2019il convient d\u2019approfondir.<\/p>\n<p>Il s\u2019agit des contradictions entre les partis politiques et la soci\u00e9t\u00e9 civile. Les points de convergence concernent la repr\u00e9sentation des diff\u00e9rents acteurs, la composition de la CEI elle-m\u00eame, mais c\u2019est le poids relatif des diff\u00e9rents acteurs \u00e0 l\u2019int\u00e9rieur de la CEI qui fait l\u2019objet de divergence entre les partis politiques et la soci\u00e9t\u00e9 civile. Les partis politiques estiment que c&#8217;est une affaire d\u2019abord politique, donc ils doivent \u00eatre repr\u00e9sent\u00e9s en majorit\u00e9; et la soci\u00e9t\u00e9 civile qui consid\u00e8re que la majorit\u00e9 doit leur revenir pour temp\u00e9rer les contradictions qui peuvent appara\u00eetre. Ce sont des questions l\u00e9gitimes. Je consid\u00e8re que nous avons entendu tout le monde et le gouvernement verra comment faire des propositions concr\u00e8tes. Nous \u00e9tions au stade de l\u2019\u00e9coute, nous avons \u00e9cout\u00e9 tous les acteurs. Nous ferons tr\u00e8s bient\u00f4t des propositions aux acteurs pour clore ce dossier. Je me f\u00e9licite de ce dialogue avec tous les acteurs.<\/p>\n<p>Nous avons tous les instruments en main pour pouvoir faire des propositions, qui, apr\u00e8s les discussions d\u00e9finitives iront au conseil des ministres. Le PDCI-RDA et EDS \u00e9taient absents pour des raisons qui leur sont propres, mais leurs positions ont \u00e9t\u00e9 exprim\u00e9es dans la salle et d\u00e9battues avec l\u2019ensemble des acteurs. C\u2019est ce qui est ressorti du d\u00e9bat collectif qui est le plus important (\u2026) La CEI doit \u00eatre mise en place dans le mois de juin 2019 pour lui permettre de pr\u00e9parer, dans la s\u00e9r\u00e9nit\u00e9, les \u00e9lections de 2020 \u00bb.<\/p>\n<p>Mme Rachel Gogoua, membre de la soci\u00e9t\u00e9 civile ivoirienne a estim\u00e9, au terme de la r\u00e9union, qu&#8217;il n\u2019y \u00e0 rien qui soit difficile \u00e0 r\u00e9gler : \u00ab La soci\u00e9t\u00e9 civile doit jouer le r\u00f4le d\u2019arbitre. J\u2019en appelle aux uns et aux autres, qu\u2019ils fassent en sorte que nos enfants ne meurent plus, parce que c\u2019est au p\u00e9ril de nos vies que nous les mettons au monde. Nous avons perdu trop d\u2019enfants, nous ne voulons plus en perdre. Le Premier ministre est sur la bonne voie, celle qui consiste \u00e0 consulter les diff\u00e9rents acteurs de la soci\u00e9t\u00e9 qui sont concern\u00e9s par les sujets sur lesquels ils veulent travailler pour faire des r\u00e9formes \u00bb. <\/p>\n<p><strong>Olivier Dion<\/strong><\/p>\n","protected":false},"excerpt":{"rendered":"<p>Le Premier ministre Amadou Gon Coulibaly a pr\u00e9sid\u00e9, mercredi 19 juin 2019 au Centre de conf\u00e9rences du minist\u00e8re des Affaires \u00e9trang\u00e8res, au Plateau, la rencontre finale avec les groupements et partis politiques, de m\u00eame que les organisations de la soci\u00e9t\u00e9 civile, dans le cadre du Dialogue Politique sur la r\u00e9forme de la CEI. Cette ultime [&hellip;]<\/p>\n","protected":false},"author":3,"featured_media":14506,"comment_status":"closed","ping_status":"closed","sticky":false,"template":"","format":"standard","meta":{"_monsterinsights_skip_tracking":false,"_monsterinsights_sitenote_active":false,"_monsterinsights_sitenote_note":"","_monsterinsights_sitenote_category":0,"footnotes":""},"categories":[2,17],"tags":[],"class_list":["post-14496","post","type-post","status-publish","format-standard","has-post-thumbnail","hentry","category-featured","category-politique"],"_links":{"self":[{"href":"https:\/\/www.lintelligentdabidjan.info\/news\/wp-json\/wp\/v2\/posts\/14496","targetHints":{"allow":["GET"]}}],"collection":[{"href":"https:\/\/www.lintelligentdabidjan.info\/news\/wp-json\/wp\/v2\/posts"}],"about":[{"href":"https:\/\/www.lintelligentdabidjan.info\/news\/wp-json\/wp\/v2\/types\/post"}],"author":[{"embeddable":true,"href":"https:\/\/www.lintelligentdabidjan.info\/news\/wp-json\/wp\/v2\/users\/3"}],"replies":[{"embeddable":true,"href":"https:\/\/www.lintelligentdabidjan.info\/news\/wp-json\/wp\/v2\/comments?post=14496"}],"version-history":[{"count":1,"href":"https:\/\/www.lintelligentdabidjan.info\/news\/wp-json\/wp\/v2\/posts\/14496\/revisions"}],"predecessor-version":[{"id":14497,"href":"https:\/\/www.lintelligentdabidjan.info\/news\/wp-json\/wp\/v2\/posts\/14496\/revisions\/14497"}],"wp:featuredmedia":[{"embeddable":true,"href":"https:\/\/www.lintelligentdabidjan.info\/news\/wp-json\/wp\/v2\/media\/14506"}],"wp:attachment":[{"href":"https:\/\/www.lintelligentdabidjan.info\/news\/wp-json\/wp\/v2\/media?parent=14496"}],"wp:term":[{"taxonomy":"category","embeddable":true,"href":"https:\/\/www.lintelligentdabidjan.info\/news\/wp-json\/wp\/v2\/categories?post=14496"},{"taxonomy":"post_tag","embeddable":true,"href":"https:\/\/www.lintelligentdabidjan.info\/news\/wp-json\/wp\/v2\/tags?post=14496"}],"curies":[{"name":"wp","href":"https:\/\/api.w.org\/{rel}","templated":true}]}}