{"id":14498,"date":"2019-06-20T02:06:22","date_gmt":"2019-06-20T00:06:22","guid":{"rendered":"https:\/\/www.lintelligentdabidjan.info\/news\/?p=14498"},"modified":"2019-06-20T12:12:02","modified_gmt":"2019-06-20T10:12:02","slug":"cote-divoire-les-ministres-abinan-siandou-et-agnibilekro-vont-rendre-hommage-a-ouattara","status":"publish","type":"post","link":"https:\/\/www.lintelligentdabidjan.info\/news\/cote-divoire-les-ministres-abinan-siandou-et-agnibilekro-vont-rendre-hommage-a-ouattara\/","title":{"rendered":"C\u00f4te d\u2019Ivoire :Les ministres Abinan,  Siandou  et Agnibil\u00e9kro, vont rendre hommage \u00e0 Ouattara"},"content":{"rendered":"<p><em><strong><br \/>\nLe d\u00e9partement d\u2019Agnibil\u00e9kro, sous la conduite   des ministres Pascal Abinan et Fofana Siandou, rendra hommage au Pr\u00e9sident de la R\u00e9publique Alassane Ouattara,  le week-end du  28 au 30 juin 2019, \u00e0 Agnibil\u00e9kro. C\u2019est le pr\u00e9sident du Comit\u00e9 d\u2019organisation, Jean-Baptiste Angaman, Inspecteur g\u00e9n\u00e9ral \u00e0 la Fonction publique, qui a donn\u00e9 l\u2019information \u00e0 la presse le mardi 18 juin 2019, \u00e0 Abidjan-Plateau.<\/strong><\/em><\/p>\n<p>Il a expliqu\u00e9 que le d\u00e9partement dira merci au Chef de l\u2019\u00c9tat, pour toutes les actions de d\u00e9veloppement r\u00e9alis\u00e9es et pour la confiance plac\u00e9e en plusieurs de leurs filles et fils. Au nombre desquels, les ministres Pascal Abinan et Siandou Fofana. \u00abAgnibil\u00e9kro sera derri\u00e8re ses deux fils que sont les ministres Abinan Pascal et Fofana Siandou, pour dire merci au Pr\u00e9sident de la R\u00e9publique Alassane Ouattara. Il a tellement fait pour notre d\u00e9partement. Le week-end du 28 au 30 juin 2019, sera un moment de reconnaissance au Pr\u00e9sident de la R\u00e9publique\u00bb, a-t-il fait savoir. En autres actions r\u00e9alis\u00e9es dans le d\u00e9partement, Jean-Baptiste a cit\u00e9 la construction de coll\u00e8ges de proximit\u00e9 dans tous les chefs-lieux de sous-pr\u00e9fecture, la remise  en \u00e9tat plus d\u2019une centaine de centres de sant\u00e9 et  don  du mat\u00e9riel m\u00e9dical et l\u2019\u00e9lectrification de  98% des villages du d\u00e9partement  .<\/p>\n<p>Il a aussi cit\u00e9 le bitumage de l\u2019axe Abengourou-Agnibil\u00e9kro. \u00ab Un tron\u00e7on qui \u00e9tait un v\u00e9ritable calvaire pour nous. Le Pr\u00e9sident a effectu\u00e9 deux visites dans notre d\u00e9partement et promis le bitumage du tron\u00e7on Agnibil\u00e9kro-Takikro jusqu\u2019\u00e0 la fronti\u00e8re avec le Ghana\u00bb, a-t-il poursuivi. Plusieurs membres du gouvernement sont annonc\u00e9s \u00e0 Agnibilekro \u00e0 cette occasion. Mais, \u00e0 \u00e9couter le pr\u00e9sident du comit\u00e9 d\u2019organisation, le Premier ministre Amadou Gon Coulibaly est le plus attendu. \u00ab La c\u00e9r\u00e9monie est plac\u00e9e sous le patronage effectif du Premier ministre Amadou Gon. Il y sera, puisqu\u2019il a donn\u00e9 son accord. Toute la population est mobilis\u00e9e pour l\u2019accueillir. Agnibil\u00e9kro l\u2019attend \u00bb, a-t-il lanc\u00e9.<\/p>\n<p><strong>J-H K avec Sercom<\/strong><\/p>\n","protected":false},"excerpt":{"rendered":"<p>Le d\u00e9partement d\u2019Agnibil\u00e9kro, sous la conduite des ministres Pascal Abinan et Fofana Siandou, rendra hommage au Pr\u00e9sident de la R\u00e9publique Alassane Ouattara, le week-end du 28 au 30 juin 2019, \u00e0 Agnibil\u00e9kro. C\u2019est le pr\u00e9sident du Comit\u00e9 d\u2019organisation, Jean-Baptiste Angaman, Inspecteur g\u00e9n\u00e9ral \u00e0 la Fonction publique, qui a donn\u00e9 l\u2019information \u00e0 la presse le mardi [&hellip;]<\/p>\n","protected":false},"author":3,"featured_media":14516,"comment_status":"closed","ping_status":"closed","sticky":false,"template":"","format":"standard","meta":{"_monsterinsights_skip_tracking":false,"_monsterinsights_sitenote_active":false,"_monsterinsights_sitenote_note":"","_monsterinsights_sitenote_category":0,"footnotes":""},"categories":[2,17],"tags":[],"class_list":["post-14498","post","type-post","status-publish","format-standard","has-post-thumbnail","hentry","category-featured","category-politique"],"_links":{"self":[{"href":"https:\/\/www.lintelligentdabidjan.info\/news\/wp-json\/wp\/v2\/posts\/14498","targetHints":{"allow":["GET"]}}],"collection":[{"href":"https:\/\/www.lintelligentdabidjan.info\/news\/wp-json\/wp\/v2\/posts"}],"about":[{"href":"https:\/\/www.lintelligentdabidjan.info\/news\/wp-json\/wp\/v2\/types\/post"}],"author":[{"embeddable":true,"href":"https:\/\/www.lintelligentdabidjan.info\/news\/wp-json\/wp\/v2\/users\/3"}],"replies":[{"embeddable":true,"href":"https:\/\/www.lintelligentdabidjan.info\/news\/wp-json\/wp\/v2\/comments?post=14498"}],"version-history":[{"count":1,"href":"https:\/\/www.lintelligentdabidjan.info\/news\/wp-json\/wp\/v2\/posts\/14498\/revisions"}],"predecessor-version":[{"id":14499,"href":"https:\/\/www.lintelligentdabidjan.info\/news\/wp-json\/wp\/v2\/posts\/14498\/revisions\/14499"}],"wp:featuredmedia":[{"embeddable":true,"href":"https:\/\/www.lintelligentdabidjan.info\/news\/wp-json\/wp\/v2\/media\/14516"}],"wp:attachment":[{"href":"https:\/\/www.lintelligentdabidjan.info\/news\/wp-json\/wp\/v2\/media?parent=14498"}],"wp:term":[{"taxonomy":"category","embeddable":true,"href":"https:\/\/www.lintelligentdabidjan.info\/news\/wp-json\/wp\/v2\/categories?post=14498"},{"taxonomy":"post_tag","embeddable":true,"href":"https:\/\/www.lintelligentdabidjan.info\/news\/wp-json\/wp\/v2\/tags?post=14498"}],"curies":[{"name":"wp","href":"https:\/\/api.w.org\/{rel}","templated":true}]}}