{"id":14500,"date":"2019-06-20T02:09:25","date_gmt":"2019-06-20T00:09:25","guid":{"rendered":"https:\/\/www.lintelligentdabidjan.info\/news\/?p=14500"},"modified":"2019-06-20T02:55:28","modified_gmt":"2019-06-20T00:55:28","slug":"can-2019-assemblee-nationale-une-echarpe-et-une-carte-de-supporters-a-soumahoro-et-a-la-delegation-de-lapf","status":"publish","type":"post","link":"https:\/\/www.lintelligentdabidjan.info\/news\/can-2019-assemblee-nationale-une-echarpe-et-une-carte-de-supporters-a-soumahoro-et-a-la-delegation-de-lapf\/","title":{"rendered":"Can 2019 &#8211; Assembl\u00e9e nationale :Une \u00e9charpe et une  carte de supporters \u00e0 Soumahoro  et  \u00e0 la d\u00e9l\u00e9gation de l\u2019Apf"},"content":{"rendered":"<p><em><br \/>\n<strong>Le Pr\u00e9sident  de l\u2019Assembl\u00e9e nationale Amadou Soumahoro  a re\u00e7u officiellement le mercredi  19 juin 2019  sa carte et son \u00e9charpe de supporters des \u00c9l\u00e9phants de la part du ministre des Sports, M. Danho Paulin . <\/strong><\/em><\/p>\n<p>Le chef du parlement ivoirien  a profit\u00e9 de cette c\u00e9r\u00e9monie pour lancer un message de soutien et de solidarit\u00e9 aux \u00c9l\u00e9phants de C\u00f4te d\u2019Ivoire<\/p>\n<p>Le Ministre des sports a \u00e9galement remis des \u00e9charpes de supporters \u00e0 des d\u00e9put\u00e9s ainsi qu\u2019\u00e0 la d\u00e9l\u00e9gation du secr\u00e9tariat de l\u2019Assembl\u00e9e parlementaire de la francophonie conduite par M. Emmanuel Maury secr\u00e9taire administratif de l\u2019APF, en mission pr\u00e9paratoire de la 45e session de l\u2019APF et de la 9e \u00e9dition du parlement francophone des jeunes qui auront lieu au mois de juillet 2019 \u00e0 Abidjan, avec pour th\u00e8me \u00ab parlement et renforcement de la d\u00e9mocratie. \u00bb<\/p>\n<p>Pour pr\u00e9cision, la mission de l\u2019APF est \u00e0 Abidjan depuis le 18 juin. Les s\u00e9ances de travail ont commenc\u00e9 ce 19 juin avec la section nationale de l\u2019APF et s\u2019ach\u00e8veront demain jeudi 20 juin. Il est \u00e0 noter que cette mission qui s\u2019inscrit  dans le cadre de l\u2019organisation de la 45e session de l\u2019APF a entam\u00e9 sa toute premi\u00e8re r\u00e9union pr\u00e9paratoire en novembre 2018, la 2e s\u2019est tenue en Avril 2019, et la pr\u00e9sente mission pr\u00e9paratoire en est la troisi\u00e8me.<\/p>\n<p><strong>T.A.B avec Sercom<\/strong><\/p>\n","protected":false},"excerpt":{"rendered":"<p>Le Pr\u00e9sident de l\u2019Assembl\u00e9e nationale Amadou Soumahoro a re\u00e7u officiellement le mercredi 19 juin 2019 sa carte et son \u00e9charpe de supporters des \u00c9l\u00e9phants de la part du ministre des Sports, M. Danho Paulin . Le chef du parlement ivoirien a profit\u00e9 de cette c\u00e9r\u00e9monie pour lancer un message de soutien et de solidarit\u00e9 aux [&hellip;]<\/p>\n","protected":false},"author":3,"featured_media":14505,"comment_status":"closed","ping_status":"closed","sticky":false,"template":"","format":"standard","meta":{"_monsterinsights_skip_tracking":false,"_monsterinsights_sitenote_active":false,"_monsterinsights_sitenote_note":"","_monsterinsights_sitenote_category":0,"footnotes":""},"categories":[2,23],"tags":[],"class_list":["post-14500","post","type-post","status-publish","format-standard","has-post-thumbnail","hentry","category-featured","category-sport"],"_links":{"self":[{"href":"https:\/\/www.lintelligentdabidjan.info\/news\/wp-json\/wp\/v2\/posts\/14500","targetHints":{"allow":["GET"]}}],"collection":[{"href":"https:\/\/www.lintelligentdabidjan.info\/news\/wp-json\/wp\/v2\/posts"}],"about":[{"href":"https:\/\/www.lintelligentdabidjan.info\/news\/wp-json\/wp\/v2\/types\/post"}],"author":[{"embeddable":true,"href":"https:\/\/www.lintelligentdabidjan.info\/news\/wp-json\/wp\/v2\/users\/3"}],"replies":[{"embeddable":true,"href":"https:\/\/www.lintelligentdabidjan.info\/news\/wp-json\/wp\/v2\/comments?post=14500"}],"version-history":[{"count":1,"href":"https:\/\/www.lintelligentdabidjan.info\/news\/wp-json\/wp\/v2\/posts\/14500\/revisions"}],"predecessor-version":[{"id":14501,"href":"https:\/\/www.lintelligentdabidjan.info\/news\/wp-json\/wp\/v2\/posts\/14500\/revisions\/14501"}],"wp:featuredmedia":[{"embeddable":true,"href":"https:\/\/www.lintelligentdabidjan.info\/news\/wp-json\/wp\/v2\/media\/14505"}],"wp:attachment":[{"href":"https:\/\/www.lintelligentdabidjan.info\/news\/wp-json\/wp\/v2\/media?parent=14500"}],"wp:term":[{"taxonomy":"category","embeddable":true,"href":"https:\/\/www.lintelligentdabidjan.info\/news\/wp-json\/wp\/v2\/categories?post=14500"},{"taxonomy":"post_tag","embeddable":true,"href":"https:\/\/www.lintelligentdabidjan.info\/news\/wp-json\/wp\/v2\/tags?post=14500"}],"curies":[{"name":"wp","href":"https:\/\/api.w.org\/{rel}","templated":true}]}}