{"id":14532,"date":"2019-06-20T15:30:23","date_gmt":"2019-06-20T13:30:23","guid":{"rendered":"https:\/\/www.lintelligentdabidjan.info\/news\/?p=14532"},"modified":"2019-06-20T15:42:30","modified_gmt":"2019-06-20T13:42:30","slug":"lexposition-prete-moi-ton-reve-inauguree-a-casablanca-communique-de-presse","status":"publish","type":"post","link":"https:\/\/www.lintelligentdabidjan.info\/news\/lexposition-prete-moi-ton-reve-inauguree-a-casablanca-communique-de-presse\/","title":{"rendered":"L\u2019exposition Pr\u00eate-moi ton r\u00eave inaugur\u00e9e \u00e0 Casablanca (Communiqu\u00e9 de presse)"},"content":{"rendered":"<p><em><strong>L\u2019exposition panafricaine itin\u00e9rante \u00ab Pr\u00eate-moi ton r\u00eave \u00bb a \u00e9t\u00e9 inaugur\u00e9e le mardi 18 juin \u00e0 Casablanca en pr\u00e9sence des artistes et des commissaires Yacouba Konat\u00e9 et Brahim Alaoui.<\/strong><\/em><\/p>\n<p>Organis\u00e9e par la Fondation pour le D\u00e9veloppement de la Culture Contemporaine Africaine (FDCCA), \u00ab Pr\u00eate-moi ton r\u00eave \u00bb est une exposition qui voyagera dans 6 pays d\u2019Afrique et qui r\u00e9unit une trentaine d\u2019artistes africains de renomm\u00e9e internationale dont Abdoulaye Konat\u00e9, El Anatsui, William Kentridge, Ch\u00e9ri Samba, Barth\u00e9l\u00e9my Toguo, Ouattara Watts\u2026 <\/p>\n<p>L\u2019exposition collective durera douze mois, durant lesquels elle fera \u00e9tape dans 6 m\u00e9tropoles du continent : Dakar, Abidjan, Lagos, Addis-Abeda, Cape Town et Marrakech, telle une caravane culturelle ambassadrice de l\u2019art africain contemporain.<\/p>\n","protected":false},"excerpt":{"rendered":"<p>L\u2019exposition panafricaine itin\u00e9rante \u00ab Pr\u00eate-moi ton r\u00eave \u00bb a \u00e9t\u00e9 inaugur\u00e9e le mardi 18 juin \u00e0 Casablanca en pr\u00e9sence des artistes et des commissaires Yacouba Konat\u00e9 et Brahim Alaoui. Organis\u00e9e par la Fondation pour le D\u00e9veloppement de la Culture Contemporaine Africaine (FDCCA), \u00ab Pr\u00eate-moi ton r\u00eave \u00bb est une exposition qui voyagera dans 6 pays [&hellip;]<\/p>\n","protected":false},"author":3,"featured_media":14533,"comment_status":"closed","ping_status":"closed","sticky":false,"template":"","format":"standard","meta":{"_monsterinsights_skip_tracking":false,"_monsterinsights_sitenote_active":false,"_monsterinsights_sitenote_note":"","_monsterinsights_sitenote_category":0,"footnotes":""},"categories":[2,20],"tags":[504,502,503],"class_list":["post-14532","post","type-post","status-publish","format-standard","has-post-thumbnail","hentry","category-featured","category-art-et-culture","tag-casablanca","tag-exposition","tag-prete-moi-ton-reve"],"_links":{"self":[{"href":"https:\/\/www.lintelligentdabidjan.info\/news\/wp-json\/wp\/v2\/posts\/14532","targetHints":{"allow":["GET"]}}],"collection":[{"href":"https:\/\/www.lintelligentdabidjan.info\/news\/wp-json\/wp\/v2\/posts"}],"about":[{"href":"https:\/\/www.lintelligentdabidjan.info\/news\/wp-json\/wp\/v2\/types\/post"}],"author":[{"embeddable":true,"href":"https:\/\/www.lintelligentdabidjan.info\/news\/wp-json\/wp\/v2\/users\/3"}],"replies":[{"embeddable":true,"href":"https:\/\/www.lintelligentdabidjan.info\/news\/wp-json\/wp\/v2\/comments?post=14532"}],"version-history":[{"count":1,"href":"https:\/\/www.lintelligentdabidjan.info\/news\/wp-json\/wp\/v2\/posts\/14532\/revisions"}],"predecessor-version":[{"id":14534,"href":"https:\/\/www.lintelligentdabidjan.info\/news\/wp-json\/wp\/v2\/posts\/14532\/revisions\/14534"}],"wp:featuredmedia":[{"embeddable":true,"href":"https:\/\/www.lintelligentdabidjan.info\/news\/wp-json\/wp\/v2\/media\/14533"}],"wp:attachment":[{"href":"https:\/\/www.lintelligentdabidjan.info\/news\/wp-json\/wp\/v2\/media?parent=14532"}],"wp:term":[{"taxonomy":"category","embeddable":true,"href":"https:\/\/www.lintelligentdabidjan.info\/news\/wp-json\/wp\/v2\/categories?post=14532"},{"taxonomy":"post_tag","embeddable":true,"href":"https:\/\/www.lintelligentdabidjan.info\/news\/wp-json\/wp\/v2\/tags?post=14532"}],"curies":[{"name":"wp","href":"https:\/\/api.w.org\/{rel}","templated":true}]}}