{"id":14538,"date":"2019-06-21T00:45:50","date_gmt":"2019-06-20T22:45:50","guid":{"rendered":"https:\/\/www.lintelligentdabidjan.info\/news\/?p=14538"},"modified":"2019-06-21T00:45:50","modified_gmt":"2019-06-20T22:45:50","slug":"situation-des-droits-de-lhomme-la-secretaire-detat-aimee-zebeyoux-presente-les-avancees","status":"publish","type":"post","link":"https:\/\/www.lintelligentdabidjan.info\/news\/situation-des-droits-de-lhomme-la-secretaire-detat-aimee-zebeyoux-presente-les-avancees\/","title":{"rendered":"Situation des droits de l\u2019Homme : la secr\u00e9taire d\u2019\u00c9tat Aim\u00e9e Z\u00e9b\u00e9youx pr\u00e9sente les avanc\u00e9es"},"content":{"rendered":"<p><em><strong><br \/>\nAbidjan, le 20 juin 2019 \u2013 La secr\u00e9taire d\u2019Etat charg\u00e9e des Droits de l\u2019Homme, Aim\u00e9e Z\u00e9b\u00e9youx, a d\u00e9clar\u00e9, \u00e0 l\u2019occasion de la 12e Tribune de l\u2019Agence ivoirienne de presse (AIP), le 20 juin 2019 \u00e0 Abidjan, que des progr\u00e8s notables ont \u00e9t\u00e9 r\u00e9alis\u00e9s en C\u00f4te d\u2019Ivoire en mati\u00e8re de droits de l\u2019Homme.<\/strong><\/em><\/p>\n<p><em>\u00ab Il faut noter que des progr\u00e8s ont \u00e9t\u00e9 faits concernant la situation des droits de l\u2019Homme en C\u00f4te d\u2019Ivoire \u00bb<\/em>, a affirm\u00e9 Aim\u00e9e Z\u00e9b\u00e9youx.<\/p>\n<p>Au niveau institutionnel, la secr\u00e9taire d\u2019Etat a rappel\u00e9 la mise en place du Conseil national des droits de l\u2019homme (CNDH), la signature et le respect des engagements de la C\u00f4te d\u2019Ivoire sur le plan international.<\/p>\n<p>En droit constitutionnel, elle a r\u00e9v\u00e9l\u00e9 que les droits et libert\u00e9s ont \u00e9t\u00e9 renforc\u00e9s, passant de 22 \u00e0 26 articles. Il en est de m\u00eame en droit civil marqu\u00e9 par l\u2019introduction de l\u2019autorit\u00e9 parentale, la loi sur le mariage et la cogestion.<\/p>\n<p>Aim\u00e9e Z\u00e9b\u00e9youx a \u00e9galement fait remarquer que des progr\u00e8s ont \u00e9t\u00e9 faits dans divers domaines. Il s\u2019agit entre autres de l\u2019\u00e9ducation nationale, la libert\u00e9 de la presse, la d\u00e9tention, l\u2019apatridie, le droit des jeunes, le droit des personnes handicap\u00e9es, le respect du principe de genre.<\/p>\n<p><strong>Source : CICG<\/strong><\/p>\n","protected":false},"excerpt":{"rendered":"<p>Abidjan, le 20 juin 2019 \u2013 La secr\u00e9taire d\u2019Etat charg\u00e9e des Droits de l\u2019Homme, Aim\u00e9e Z\u00e9b\u00e9youx, a d\u00e9clar\u00e9, \u00e0 l\u2019occasion de la 12e Tribune de l\u2019Agence ivoirienne de presse (AIP), le 20 juin 2019 \u00e0 Abidjan, que des progr\u00e8s notables ont \u00e9t\u00e9 r\u00e9alis\u00e9s en C\u00f4te d\u2019Ivoire en mati\u00e8re de droits de l\u2019Homme. \u00ab Il faut [&hellip;]<\/p>\n","protected":false},"author":3,"featured_media":14536,"comment_status":"closed","ping_status":"closed","sticky":false,"template":"","format":"standard","meta":{"_monsterinsights_skip_tracking":false,"_monsterinsights_sitenote_active":false,"_monsterinsights_sitenote_note":"","_monsterinsights_sitenote_category":0,"footnotes":""},"categories":[2,3],"tags":[508,509],"class_list":["post-14538","post","type-post","status-publish","format-standard","has-post-thumbnail","hentry","category-featured","category-societe","tag-aimee-zebeyoux","tag-secretaire-detat"],"_links":{"self":[{"href":"https:\/\/www.lintelligentdabidjan.info\/news\/wp-json\/wp\/v2\/posts\/14538","targetHints":{"allow":["GET"]}}],"collection":[{"href":"https:\/\/www.lintelligentdabidjan.info\/news\/wp-json\/wp\/v2\/posts"}],"about":[{"href":"https:\/\/www.lintelligentdabidjan.info\/news\/wp-json\/wp\/v2\/types\/post"}],"author":[{"embeddable":true,"href":"https:\/\/www.lintelligentdabidjan.info\/news\/wp-json\/wp\/v2\/users\/3"}],"replies":[{"embeddable":true,"href":"https:\/\/www.lintelligentdabidjan.info\/news\/wp-json\/wp\/v2\/comments?post=14538"}],"version-history":[{"count":1,"href":"https:\/\/www.lintelligentdabidjan.info\/news\/wp-json\/wp\/v2\/posts\/14538\/revisions"}],"predecessor-version":[{"id":14539,"href":"https:\/\/www.lintelligentdabidjan.info\/news\/wp-json\/wp\/v2\/posts\/14538\/revisions\/14539"}],"wp:featuredmedia":[{"embeddable":true,"href":"https:\/\/www.lintelligentdabidjan.info\/news\/wp-json\/wp\/v2\/media\/14536"}],"wp:attachment":[{"href":"https:\/\/www.lintelligentdabidjan.info\/news\/wp-json\/wp\/v2\/media?parent=14538"}],"wp:term":[{"taxonomy":"category","embeddable":true,"href":"https:\/\/www.lintelligentdabidjan.info\/news\/wp-json\/wp\/v2\/categories?post=14538"},{"taxonomy":"post_tag","embeddable":true,"href":"https:\/\/www.lintelligentdabidjan.info\/news\/wp-json\/wp\/v2\/tags?post=14538"}],"curies":[{"name":"wp","href":"https:\/\/api.w.org\/{rel}","templated":true}]}}