{"id":14544,"date":"2019-06-21T01:29:11","date_gmt":"2019-06-20T23:29:11","guid":{"rendered":"https:\/\/www.lintelligentdabidjan.info\/news\/?p=14544"},"modified":"2019-06-21T02:19:55","modified_gmt":"2019-06-21T00:19:55","slug":"la-drepanocytose-une-maladie-invisible-qui-tue-a-petit-feu","status":"publish","type":"post","link":"https:\/\/www.lintelligentdabidjan.info\/news\/la-drepanocytose-une-maladie-invisible-qui-tue-a-petit-feu\/","title":{"rendered":"La  dr\u00e9panocytose :Une maladie invisible qui tue \u00e0 petit feu"},"content":{"rendered":"<p><em><strong>L\u2019Association des dr\u00e9panocytaires et Thalass\u00e9miques de C\u00f4te d\u2019Ivoire  (Adtci) et la Fondation Sacr\u00e9-C\u0153ur Missionnaires de la Charit\u00e9 (Fscmc) ont, \u00e0 l\u2019occasion de la journ\u00e9e internationale de la dr\u00e9panocytose, anim\u00e9 une conf\u00e9rence le mercredi 19 juin 2019, \u00e0 l\u2019institut europ\u00e9en de coop\u00e9ration et de d\u00e9veloppement \u00e0 Cocody-Bonoumin<\/strong><\/em><\/p>\n<p>Lors de cette rencontre, Patricia Amand, pr\u00e9sidente de l\u2019Adtci, a signifi\u00e9 que la dr\u00e9panocytose est une maladie invisible qui fait ravage dans la soci\u00e9t\u00e9. <em>\u00ab En Afrique, nous avons au moins 300.000 cas et plus particuli\u00e8rement en Afrique noire subsaharienne dont la moiti\u00e9 meurent  avant l\u2019\u00e2ge de 5 ans. Et en ce qui concerne la C\u00f4te d\u2019Ivoire, la pr\u00e9valence varie entre 14 et 18% selon les r\u00e9gions. Nous demandons \u00e0 la population de faire se d\u00e9pister afin de pr\u00e9venir les risques de cette maladie. Parce que d\u00e8s l\u2019enfance si le d\u00e9pistage est fait, cela permet une prise une charge de l\u2019enfant et lui favorise une longue dur\u00e9e de vie. \u00bb<\/em>, a-t-elle dit.<\/p>\n<p>Elle a ajout\u00e9 que les sympt\u00f4mes se manifestaient tr\u00e8s t\u00f4t donc, il faut pr\u00e9venir d\u00e8s l\u2019enfance.<em> \u00ab \u00c0 l\u2019\u00e2ge de 6 mois, l\u2019enfant a des crises douloureuses. Les enfants dr\u00e9panocytaires sont chroniques an\u00e9mi\u00e9s et ils sont parfois confront\u00e9s aux probl\u00e8mes d\u2019yeux, des os, de poumons, d\u2019ou\u00efe. Alors pour \u00e9viter ces maladies, il faut faire le test n\u00e9onatal et le test pr\u00e9nuptial avant le mariage. Parce que, c\u2019est avec la mise en place d\u2019un programme de lutte contre la dr\u00e9panocytose qu\u2019on pourra r\u00e9soudre d\u00e9finitivement ce probl\u00e8me de sant\u00e9 publique \u00bb<\/em>.  La  pr\u00e9sidente a plaid\u00e9 aupr\u00e8s des autorit\u00e9s comp\u00e9tentes afin qu\u2019elles puissent jeter le regard sur le fl\u00e9au qui mine la soci\u00e9t\u00e9. Elle a fait savoir que le 30 juin 2019, un concert de charit\u00e9 sera organis\u00e9 \u00e0 l\u2019institut fran\u00e7ais.<br \/>\nDr. M\u00e9it\u00e9 N\u2019dogomo, m\u00e9decin h\u00e9matologue au Chu de Yopougon, a not\u00e9 que la maladie est n\u00e9glig\u00e9e. Il   a par ailleurs \u00e9num\u00e9r\u00e9 des solutions pour l\u2019\u00e9radiquer.<\/p>\n<p><em>\u00ab En 1972, on avait 12 % de dr\u00e9panocytaires en C\u00f4te d\u2019Ivoire. Et aujourd\u2019hui, nous sommes \u00e0 14 % de malades soit 3 \u00e0 4 millions de personnes malades. Il faut communiquer et sensibiliser sur la maladie \u00e0 grande \u00e9chelle, pour que le public ait conscience des cons\u00e9quences de la maladie et que les leaders d\u2019opinion et les pouvoirs publics s\u2019impliquent dans la lutte contre la maladie. D\u00e9pister toutes les personnes r\u00e9sidentes en C\u00f4te d\u2019Ivoire d\u00e8s l\u2019\u00e2ge de trois mois et le d\u00e9pistage pour que chacun sache son statut \u00e9vitant ainsi les mariages consanguins. Informer et sensibiliser la population, les l\u00e9gislateurs en faisant des pr\u00e9ventions primaires. Il faut sensibiliser la population sur le bilan pr\u00e9nuptial. \u00bb<\/em>,a-t-il insist\u00e9.<\/p>\n<p><strong>OD avec AT<\/strong><\/p>\n","protected":false},"excerpt":{"rendered":"<p>L\u2019Association des dr\u00e9panocytaires et Thalass\u00e9miques de C\u00f4te d\u2019Ivoire (Adtci) et la Fondation Sacr\u00e9-C\u0153ur Missionnaires de la Charit\u00e9 (Fscmc) ont, \u00e0 l\u2019occasion de la journ\u00e9e internationale de la dr\u00e9panocytose, anim\u00e9 une conf\u00e9rence le mercredi 19 juin 2019, \u00e0 l\u2019institut europ\u00e9en de coop\u00e9ration et de d\u00e9veloppement \u00e0 Cocody-Bonoumin Lors de cette rencontre, Patricia Amand, pr\u00e9sidente de l\u2019Adtci, [&hellip;]<\/p>\n","protected":false},"author":3,"featured_media":14556,"comment_status":"closed","ping_status":"closed","sticky":false,"template":"","format":"standard","meta":{"_monsterinsights_skip_tracking":false,"_monsterinsights_sitenote_active":false,"_monsterinsights_sitenote_note":"","_monsterinsights_sitenote_category":0,"footnotes":""},"categories":[2,3],"tags":[],"class_list":["post-14544","post","type-post","status-publish","format-standard","has-post-thumbnail","hentry","category-featured","category-societe"],"_links":{"self":[{"href":"https:\/\/www.lintelligentdabidjan.info\/news\/wp-json\/wp\/v2\/posts\/14544","targetHints":{"allow":["GET"]}}],"collection":[{"href":"https:\/\/www.lintelligentdabidjan.info\/news\/wp-json\/wp\/v2\/posts"}],"about":[{"href":"https:\/\/www.lintelligentdabidjan.info\/news\/wp-json\/wp\/v2\/types\/post"}],"author":[{"embeddable":true,"href":"https:\/\/www.lintelligentdabidjan.info\/news\/wp-json\/wp\/v2\/users\/3"}],"replies":[{"embeddable":true,"href":"https:\/\/www.lintelligentdabidjan.info\/news\/wp-json\/wp\/v2\/comments?post=14544"}],"version-history":[{"count":1,"href":"https:\/\/www.lintelligentdabidjan.info\/news\/wp-json\/wp\/v2\/posts\/14544\/revisions"}],"predecessor-version":[{"id":14545,"href":"https:\/\/www.lintelligentdabidjan.info\/news\/wp-json\/wp\/v2\/posts\/14544\/revisions\/14545"}],"wp:featuredmedia":[{"embeddable":true,"href":"https:\/\/www.lintelligentdabidjan.info\/news\/wp-json\/wp\/v2\/media\/14556"}],"wp:attachment":[{"href":"https:\/\/www.lintelligentdabidjan.info\/news\/wp-json\/wp\/v2\/media?parent=14544"}],"wp:term":[{"taxonomy":"category","embeddable":true,"href":"https:\/\/www.lintelligentdabidjan.info\/news\/wp-json\/wp\/v2\/categories?post=14544"},{"taxonomy":"post_tag","embeddable":true,"href":"https:\/\/www.lintelligentdabidjan.info\/news\/wp-json\/wp\/v2\/tags?post=14544"}],"curies":[{"name":"wp","href":"https:\/\/api.w.org\/{rel}","templated":true}]}}