{"id":14579,"date":"2019-06-21T23:40:05","date_gmt":"2019-06-21T21:40:05","guid":{"rendered":"https:\/\/www.lintelligentdabidjan.info\/news\/?p=14579"},"modified":"2019-06-21T23:40:05","modified_gmt":"2019-06-21T21:40:05","slug":"macky-sall-entre-tutoiement-et-vouvoiement-avec-ouattara-diner-visite-detat-en-cote-divoire","status":"publish","type":"post","link":"https:\/\/www.lintelligentdabidjan.info\/news\/macky-sall-entre-tutoiement-et-vouvoiement-avec-ouattara-diner-visite-detat-en-cote-divoire\/","title":{"rendered":"Macky Sall entre tutoiement et vouvoiement avec Ouattara (d\u00eener visite d\u2019\u00c9tat en C\u00f4te d\u2019Ivoire)"},"content":{"rendered":"<p><em>Apr\u00e8s le toast du Pr\u00e9sident ivoirien Alassane Ouattara lors du d\u00eener en son honneur dans le cadre de sa visite d\u2019\u00c9tat en C\u00f4te d\u2019Ivoire vendredi 21 juin 2019, Macky Sall a commenc\u00e9 son allocution en tutoyant publiquement son h\u00f4te qui l\u2019avait  vouvoy\u00e9. <\/em><\/p>\n<p>Le chef de l\u2019\u00c9tat s\u00e9n\u00e9galais l\u2019a fait pour montrer la proximit\u00e9 entre lui et le chef de l\u2019\u00c9tat ivoirien, son \u00ab grand fr\u00e8re et ami \u00bb. <\/p>\n<p>Selon nos informations, les deux hommes d\u2019\u00c9tat se tutoient en priv\u00e9, m\u00eame si le chef de l\u2019\u00c9tat ivoirien \u00e9tait rest\u00e9 sur le vouvoiement en donnant du \u00ab jeune fr\u00e8re  et ami \u00bb \u00e0 son homologue s\u00e9n\u00e9galais.<\/p>\n<p>\u00ab Les relations entre la C\u00f4te d\u2019Ivoire et le S\u00e9n\u00e9gal sont un fleuve au long cours tranquille. Nous sommes unis&#8230;. Merci cher fr\u00e8re, et a\u00een\u00e9 \u00bb, a dit Macky Sall qui a promis \u00eatre un ambassadeur de la C\u00f4te d\u2019Ivoire, en lan\u00e7ant le slogan \u00ab Venez voir \u00bb, issu d\u2019un film publicitaire institutionnel sur le pays, pr\u00e9sent\u00e9 quelques instants plus t\u00f4t. <\/p>\n<p>Le chef de l\u2019\u00c9tat s\u00e9n\u00e9galais qui a rendu hommage \u00e0 la Premi\u00e8re dame de C\u00f4te d\u2019Ivoire Dominique Ouattara, a poursuivi son message par le vouvoiement pour parler non plus au \u00ab grand fr\u00e8re et ami \u00bb , mais \u00e0 \u00ab l\u2019institution \u00bb, \u00e0 l\u2019homologue Pr\u00e9sident de la R\u00e9publique. <\/p>\n<p>Macky Sall a lanc\u00e9 une invitation \u00e0 Alassane Ouattara \u00e0 effectuer une visite d\u2019\u00c9tat au S\u00e9n\u00e9gal \u00e0 une date \u00e0 sa convenance en 2020; il  s\u2019est r\u00e9joui de sa d\u00e9coration et de celle de son \u00e9pouse dans l\u2019ordre du m\u00e9rite national. <\/p>\n<p>Le chef de l\u2019\u00c9tat s\u00e9n\u00e9galais s\u2019est \u00e9galement satisfait de son nom de bapt\u00eame \u00c9bri\u00e9 Ay\u00f4p\u00f4, donn\u00e9 dans la journ\u00e9e par le District d\u2019Abidjan. <\/p>\n<p>\u00ab Un nom qui signifie pardon, r\u00e9conciliation, celui qui sait pardonner et qui sait r\u00e9concilier.<br \/>\nLe nom de votre \u00e9pouse, c\u2019est Ay\u00f4p\u00f4 M\u2019man, c\u2019est-\u00e0-dire le tabernacle du pardon, celle qui porte le pardon. Votre famille parmi nous, c\u2019est la famille Akou\u00e9do\u00bb, avait alors expliqu\u00e9 Robert Beugre Mamb\u00e9. <\/p>\n<p>C. K<\/p>\n","protected":false},"excerpt":{"rendered":"<p>Apr\u00e8s le toast du Pr\u00e9sident ivoirien Alassane Ouattara lors du d\u00eener en son honneur dans le cadre de sa visite d\u2019\u00c9tat en C\u00f4te d\u2019Ivoire vendredi 21 juin 2019, Macky Sall a commenc\u00e9 son allocution en tutoyant publiquement son h\u00f4te qui l\u2019avait vouvoy\u00e9. Le chef de l\u2019\u00c9tat s\u00e9n\u00e9galais l\u2019a fait pour montrer la proximit\u00e9 entre lui [&hellip;]<\/p>\n","protected":false},"author":3,"featured_media":14580,"comment_status":"closed","ping_status":"closed","sticky":false,"template":"","format":"standard","meta":{"_monsterinsights_skip_tracking":false,"_monsterinsights_sitenote_active":false,"_monsterinsights_sitenote_note":"","_monsterinsights_sitenote_category":0,"footnotes":""},"categories":[2,21],"tags":[],"class_list":["post-14579","post","type-post","status-publish","format-standard","has-post-thumbnail","hentry","category-featured","category-international"],"_links":{"self":[{"href":"https:\/\/www.lintelligentdabidjan.info\/news\/wp-json\/wp\/v2\/posts\/14579","targetHints":{"allow":["GET"]}}],"collection":[{"href":"https:\/\/www.lintelligentdabidjan.info\/news\/wp-json\/wp\/v2\/posts"}],"about":[{"href":"https:\/\/www.lintelligentdabidjan.info\/news\/wp-json\/wp\/v2\/types\/post"}],"author":[{"embeddable":true,"href":"https:\/\/www.lintelligentdabidjan.info\/news\/wp-json\/wp\/v2\/users\/3"}],"replies":[{"embeddable":true,"href":"https:\/\/www.lintelligentdabidjan.info\/news\/wp-json\/wp\/v2\/comments?post=14579"}],"version-history":[{"count":1,"href":"https:\/\/www.lintelligentdabidjan.info\/news\/wp-json\/wp\/v2\/posts\/14579\/revisions"}],"predecessor-version":[{"id":14581,"href":"https:\/\/www.lintelligentdabidjan.info\/news\/wp-json\/wp\/v2\/posts\/14579\/revisions\/14581"}],"wp:featuredmedia":[{"embeddable":true,"href":"https:\/\/www.lintelligentdabidjan.info\/news\/wp-json\/wp\/v2\/media\/14580"}],"wp:attachment":[{"href":"https:\/\/www.lintelligentdabidjan.info\/news\/wp-json\/wp\/v2\/media?parent=14579"}],"wp:term":[{"taxonomy":"category","embeddable":true,"href":"https:\/\/www.lintelligentdabidjan.info\/news\/wp-json\/wp\/v2\/categories?post=14579"},{"taxonomy":"post_tag","embeddable":true,"href":"https:\/\/www.lintelligentdabidjan.info\/news\/wp-json\/wp\/v2\/tags?post=14579"}],"curies":[{"name":"wp","href":"https:\/\/api.w.org\/{rel}","templated":true}]}}