{"id":14582,"date":"2019-06-22T19:10:21","date_gmt":"2019-06-22T17:10:21","guid":{"rendered":"https:\/\/www.lintelligentdabidjan.info\/news\/?p=14582"},"modified":"2019-06-22T19:10:21","modified_gmt":"2019-06-22T17:10:21","slug":"sante-lhopital-general-dabobo-rehabilite-avec-des-equipements-de-pointe","status":"publish","type":"post","link":"https:\/\/www.lintelligentdabidjan.info\/news\/sante-lhopital-general-dabobo-rehabilite-avec-des-equipements-de-pointe\/","title":{"rendered":"Sant\u00e9 : l\u2019H\u00f4pital G\u00e9n\u00e9ral d\u2019Abobo r\u00e9habilit\u00e9, avec des \u00e9quipements de pointe"},"content":{"rendered":"<p><em><br \/>\n<strong><br \/>\nAbidjan, le 21 juin 2019 &#8211; Le Premier Ministre ivoirien, Amadou Gon Coulibaly, a proc\u00e9d\u00e9 le 21 juin 2019 \u00e0 Abidjan, \u00e0 l\u2019inauguration de l\u2019H\u00f4pital G\u00e9n\u00e9ral d\u2019Abobo-Nord, enti\u00e8rement r\u00e9nov\u00e9 et \u00e9quip\u00e9 de mat\u00e9riels de derni\u00e8re g\u00e9n\u00e9ration.<\/strong><\/em><\/p>\n<p><em>\u00ab Vous avez ici aujourd\u2019hui un h\u00f4pital totalement \u00e9quip\u00e9 de mat\u00e9riels aux normes internationales\u2026 Les \u00e9quipements que vous avez ici sont similaires \u00e0 ce qu\u2019on trouve \u00e0 Paris. Ce sont les m\u00eames \u00e9quipements que vous trouverez \u00e9galement dans les cliniques les plus hupp\u00e9es d\u2019Abidjan\u2026 \u00bb<\/em>, a dit Amadou Gon Coulibaly.<\/p>\n<p>L\u2019ouvrage a fait peau neuve, apr\u00e8s plus de 8 mois de travaux. Il dispose, entre autres, d\u2019un laboratoire, d\u2019un bloc op\u00e9ratoire, d\u2019un service d\u2019urgence, d\u2019une maternit\u00e9 et d\u2019une p\u00e9diatrie. Il est dot\u00e9 d\u2019un scanner, d\u2019une radio num\u00e9rique, d\u2019un \u00e9chographe digital, d\u2019une unit\u00e9 compl\u00e8te ORL, de bistouris \u00e9lectriques, de fauteuils dentaires, etc.<\/p>\n<p>Les travaux de r\u00e9habilitation et d\u2019\u00e9quipement ont co\u00fbt\u00e9 environ 8,5 milliards de FCFA et entrent dans le cadre du programme visant \u00e0 doter le pays d\u2019un r\u00e9seau d\u2019infrastructures de qualit\u00e9, accessibles \u00e0 tous. Le programme pr\u00e9voit, entre autres, la construction d\u2019une vingtaine d\u2019h\u00f4pitaux, la r\u00e9habilitation d\u2019une vingtaine d\u2019h\u00f4pitaux et la mise \u00e0 niveau des plateaux techniques sur toute l\u2019\u00e9tendue du territoire. Le programme vient \u00e9galement en appoint \u00e0 l\u2019op\u00e9rationnalisation de la Couverture Maladie Universelle (CMU). <\/p>\n","protected":false},"excerpt":{"rendered":"<p>Abidjan, le 21 juin 2019 &#8211; Le Premier Ministre ivoirien, Amadou Gon Coulibaly, a proc\u00e9d\u00e9 le 21 juin 2019 \u00e0 Abidjan, \u00e0 l\u2019inauguration de l\u2019H\u00f4pital G\u00e9n\u00e9ral d\u2019Abobo-Nord, enti\u00e8rement r\u00e9nov\u00e9 et \u00e9quip\u00e9 de mat\u00e9riels de derni\u00e8re g\u00e9n\u00e9ration. \u00ab Vous avez ici aujourd\u2019hui un h\u00f4pital totalement \u00e9quip\u00e9 de mat\u00e9riels aux normes internationales\u2026 Les \u00e9quipements que vous avez [&hellip;]<\/p>\n","protected":false},"author":3,"featured_media":14583,"comment_status":"closed","ping_status":"closed","sticky":false,"template":"","format":"standard","meta":{"_monsterinsights_skip_tracking":false,"_monsterinsights_sitenote_active":false,"_monsterinsights_sitenote_note":"","_monsterinsights_sitenote_category":0,"footnotes":""},"categories":[2,3],"tags":[],"class_list":["post-14582","post","type-post","status-publish","format-standard","has-post-thumbnail","hentry","category-featured","category-societe"],"_links":{"self":[{"href":"https:\/\/www.lintelligentdabidjan.info\/news\/wp-json\/wp\/v2\/posts\/14582","targetHints":{"allow":["GET"]}}],"collection":[{"href":"https:\/\/www.lintelligentdabidjan.info\/news\/wp-json\/wp\/v2\/posts"}],"about":[{"href":"https:\/\/www.lintelligentdabidjan.info\/news\/wp-json\/wp\/v2\/types\/post"}],"author":[{"embeddable":true,"href":"https:\/\/www.lintelligentdabidjan.info\/news\/wp-json\/wp\/v2\/users\/3"}],"replies":[{"embeddable":true,"href":"https:\/\/www.lintelligentdabidjan.info\/news\/wp-json\/wp\/v2\/comments?post=14582"}],"version-history":[{"count":1,"href":"https:\/\/www.lintelligentdabidjan.info\/news\/wp-json\/wp\/v2\/posts\/14582\/revisions"}],"predecessor-version":[{"id":14584,"href":"https:\/\/www.lintelligentdabidjan.info\/news\/wp-json\/wp\/v2\/posts\/14582\/revisions\/14584"}],"wp:featuredmedia":[{"embeddable":true,"href":"https:\/\/www.lintelligentdabidjan.info\/news\/wp-json\/wp\/v2\/media\/14583"}],"wp:attachment":[{"href":"https:\/\/www.lintelligentdabidjan.info\/news\/wp-json\/wp\/v2\/media?parent=14582"}],"wp:term":[{"taxonomy":"category","embeddable":true,"href":"https:\/\/www.lintelligentdabidjan.info\/news\/wp-json\/wp\/v2\/categories?post=14582"},{"taxonomy":"post_tag","embeddable":true,"href":"https:\/\/www.lintelligentdabidjan.info\/news\/wp-json\/wp\/v2\/tags?post=14582"}],"curies":[{"name":"wp","href":"https:\/\/api.w.org\/{rel}","templated":true}]}}