{"id":14596,"date":"2019-06-24T01:18:32","date_gmt":"2019-06-23T23:18:32","guid":{"rendered":"https:\/\/www.lintelligentdabidjan.info\/news\/?p=14596"},"modified":"2019-06-24T01:29:52","modified_gmt":"2019-06-23T23:29:52","slug":"electricite-macky-sall-a-ciprel-la-cote-divoire-a-ose-assez-tot","status":"publish","type":"post","link":"https:\/\/www.lintelligentdabidjan.info\/news\/electricite-macky-sall-a-ciprel-la-cote-divoire-a-ose-assez-tot\/","title":{"rendered":"\u00c9lectricit\u00e9 &#8211; Macky Sall \u00e0 CIPREL :\u201cLa C\u00f4te d\u2019Ivoire a os\u00e9 assez t\u00f4t\u201d"},"content":{"rendered":"<p><em><strong>Dans le cadre de la visite d\u2019Etat qu\u2019il a effectu\u00e9e en C\u00f4te d\u2019Ivoire, le Pr\u00e9sident de la R\u00e9publique du S\u00e9n\u00e9gal a visit\u00e9 les installations de la Compagnie ivoirienne de production d\u2019\u00e9lectricit\u00e9 (CIPREL), vendredi 21 juin 2019.<\/strong><\/em><\/p>\n<p>Accompagn\u00e9 du Vice-pr\u00e9sident de la R\u00e9publique, Daniel Kablan Duncan, Macky Sall a invit\u00e9 les op\u00e9rateurs du secteur de l\u2019\u00e9lectricit\u00e9, notamment la CIPREL, \u00e0 se rendre au S\u00e9n\u00e9gal pour des prospections :<em> \u00ab Ce que nous avons vu montre que la C\u00f4te d\u2019Ivoire a os\u00e9 t\u00f4t d\u2019engager une r\u00e9forme pionni\u00e8re, parce que nous avons tous des compagnies nationales dans le secteur de l\u2019\u00e9nergie et de l\u2019\u00e9lectricit\u00e9 en particulier. Tr\u00e8s t\u00f4t, le choix a \u00e9t\u00e9 fait en C\u00f4te d\u2019Ivoire de privatiser la production. Il y a aujourd\u2019hui, des r\u00e9flexions tr\u00e8s avanc\u00e9es sur la diversification des distributeurs, et tout cela montre que c\u2019est avec ambition et audace qu\u2019on arrive \u00e0 faire les r\u00e9formes majeures. La C\u00f4te d\u2019Ivoire vend de l\u2019\u00e9nergie \u00e0 beaucoup de pays limitrophes, je ne peux que me r\u00e9jouir de ce que j\u2019ai vu. Sans \u00e9nergie, il n\u2019y a point de d\u00e9veloppement. L\u2019\u00e9nergie est le moteur de la croissance. Je voudrais f\u00e9liciter le gouvernement pour la mise en \u0153uvre de la vision du Pr\u00e9sident Ouattara, et f\u00e9liciter les responsables de CIPREL qui ont fait montre d\u2019une r\u00e9elle capacit\u00e9 d\u2019organisation. Je vous souhaite de venir prospecter au S\u00e9n\u00e9gal, puisque depuis quelques temps, j\u2019ai arr\u00eat\u00e9 la production par l\u2019entreprise nationale, mais ce sont des producteurs ind\u00e9pendants qui assurent l\u2019ensemble de la production. Entre Africains, nous devons pouvoir travailler ensemble dans le cadre du renforcement et de la modernisation de nos syst\u00e8mes \u00e9lectriques \u00bb<\/em>.<\/p>\n<p>Abdourahmane Ciss\u00e9 : <em>\u00ab Le temps moyen de coupure d\u2019\u00e9lectricit\u00e9 a \u00e9t\u00e9 r\u00e9duit de moiti\u00e9 en passant de 48 heures \u00e0 22 heures par an \u00bb<\/em><\/p>\n<p>Apr\u00e8s la pr\u00e9sentation de CIPREL par la directrice g\u00e9n\u00e9rale, Mme Diallo Kadidjatou, le ministre du P\u00e9trole, de l\u2019\u00c9nergie et des \u00c9nergies renouvelables a fait l\u2019\u00e9tat des lieux ci-dessous du secteur de l\u2019\u00e9lectricit\u00e9 en C\u00f4te d\u2019Ivoire, depuis 2011 :<em> \u00ab Les actions du Gouvernement conduites \/initialement par Daniel Kablan Duncan en sa qualit\u00e9 de Premier Ministre, puis par le Premier ministre Amadou Gon Coulibaly,  ont permis au secteur \u00e9lectrique ivoirien, en moins d\u2019une d\u00e9cennie, d\u2019am\u00e9liorer significativement ses principaux indicateurs de performance avec notamment la contribution active du secteur priv\u00e9.  De 2011 \u00e0 fin 2018, les principaux indicateurs de performance du secteur \u00e9lectrique ont connu les \u00e9volutions suivantes : la puissance install\u00e9e totale a augment\u00e9 d\u2019environ 60% en passant de 1391 MW \u00e0 2200 MW; le nombre de clients a doubl\u00e9 en passant de 1. 100 000 \u00e0 2.  200 00 clients ; le taux de couverture est pass\u00e9 de 33% \u00e0 58% ; Plus de 2 700 km de ligne haute tension  et plus de 4 450 km ligne basse tension ont \u00e9t\u00e9 r\u00e9alis\u00e9es ; plus de 1 694 postes haute tension et basse tension ont \u00e9t\u00e9 construits ; le temps moyen de coupure d\u2019\u00e9lectricit\u00e9 a \u00e9t\u00e9 r\u00e9duit de moiti\u00e9 en passant de 48 heures \u00e0 22 heures par an  et  le rendement global est pass\u00e9 de 72 % \u00e0 80% \u00bb<\/em>.<\/p>\n<p>Les actions men\u00e9es, dans le cadre du Programme social du gouvernement (PS-gouv) ont \u00e9t\u00e9 d\u00e9voil\u00e9es par Abdourahmane Ciss\u00e9 : <em>\u00ab Dans le cadre du Programme Social du Gouvernement mis en place par le Pr\u00e9sident Alassane Ouattara, des mesures ont \u00e9t\u00e9 adopt\u00e9es par le gouvernement, en faveur des couches sociales les plus vuln\u00e9rables. En ce qui concerne le secteur de l\u2019\u00e9lectricit\u00e9, trois (3) principales mesures ont \u00e9t\u00e9 arr\u00eat\u00e9es. Il s\u2019agit notamment de : la r\u00e9duction de 20% du prix du Kwh des clients abonn\u00e9s au tarif social domestique 5A. Cette mesure en vigueur depuis janvier 2019 b\u00e9n\u00e9ficie \u00e0 plus de 890. 000 m\u00e9nages soit plus de 5, 3 millions de nos concitoyens ; l\u2019acc\u00e9l\u00e9ration du Programme National d\u2019Electrification Rurale (PRONER) par l\u2019\u00e9lectrification de l\u2019ensemble des localit\u00e9s de plus de 500 habitants avant la fin 2020. Cela permettra d\u2019atteindre un taux de couverture de 80% en 2020, contre seulement 33% en 2011 avec pour objectif d\u2019\u00e9lectrifier toutes les localit\u00e9s \u00e0 fin 2025 ; l\u2019intensification du Programme d\u2019Electricit\u00e9 pour Tous (PEPT) qui permet, aux familles \u00e0 faibles revenus \/ de se raccorder \u00e0 l\u2019\u00e9lectricit\u00e9 \/ en payant sur une p\u00e9riode allant jusqu\u2019\u00e0 dix ans les frais de branchement \u00e9valu\u00e9s \u00e0 150. 000 FCFA. A fin d\u00e9cembre 2018, 564. 000 abonn\u00e9s ont b\u00e9n\u00e9fici\u00e9 du PEPT,  soit plus de 3 millions d\u2019habitants. L\u2019objectif est de r\u00e9aliser au moins 400. 000 branchements additionnels sur la p\u00e9riode 2019 -2020 \u00bb<\/em>.<br \/>\n<strong><br \/>\nOlivier Dion<\/strong><\/p>\n","protected":false},"excerpt":{"rendered":"<p>Dans le cadre de la visite d\u2019Etat qu\u2019il a effectu\u00e9e en C\u00f4te d\u2019Ivoire, le Pr\u00e9sident de la R\u00e9publique du S\u00e9n\u00e9gal a visit\u00e9 les installations de la Compagnie ivoirienne de production d\u2019\u00e9lectricit\u00e9 (CIPREL), vendredi 21 juin 2019. Accompagn\u00e9 du Vice-pr\u00e9sident de la R\u00e9publique, Daniel Kablan Duncan, Macky Sall a invit\u00e9 les op\u00e9rateurs du secteur de l\u2019\u00e9lectricit\u00e9, [&hellip;]<\/p>\n","protected":false},"author":3,"featured_media":14598,"comment_status":"closed","ping_status":"closed","sticky":false,"template":"","format":"standard","meta":{"_monsterinsights_skip_tracking":false,"_monsterinsights_sitenote_active":false,"_monsterinsights_sitenote_note":"","_monsterinsights_sitenote_category":0,"footnotes":""},"categories":[2,18],"tags":[],"class_list":["post-14596","post","type-post","status-publish","format-standard","has-post-thumbnail","hentry","category-featured","category-economie"],"_links":{"self":[{"href":"https:\/\/www.lintelligentdabidjan.info\/news\/wp-json\/wp\/v2\/posts\/14596","targetHints":{"allow":["GET"]}}],"collection":[{"href":"https:\/\/www.lintelligentdabidjan.info\/news\/wp-json\/wp\/v2\/posts"}],"about":[{"href":"https:\/\/www.lintelligentdabidjan.info\/news\/wp-json\/wp\/v2\/types\/post"}],"author":[{"embeddable":true,"href":"https:\/\/www.lintelligentdabidjan.info\/news\/wp-json\/wp\/v2\/users\/3"}],"replies":[{"embeddable":true,"href":"https:\/\/www.lintelligentdabidjan.info\/news\/wp-json\/wp\/v2\/comments?post=14596"}],"version-history":[{"count":1,"href":"https:\/\/www.lintelligentdabidjan.info\/news\/wp-json\/wp\/v2\/posts\/14596\/revisions"}],"predecessor-version":[{"id":14597,"href":"https:\/\/www.lintelligentdabidjan.info\/news\/wp-json\/wp\/v2\/posts\/14596\/revisions\/14597"}],"wp:featuredmedia":[{"embeddable":true,"href":"https:\/\/www.lintelligentdabidjan.info\/news\/wp-json\/wp\/v2\/media\/14598"}],"wp:attachment":[{"href":"https:\/\/www.lintelligentdabidjan.info\/news\/wp-json\/wp\/v2\/media?parent=14596"}],"wp:term":[{"taxonomy":"category","embeddable":true,"href":"https:\/\/www.lintelligentdabidjan.info\/news\/wp-json\/wp\/v2\/categories?post=14596"},{"taxonomy":"post_tag","embeddable":true,"href":"https:\/\/www.lintelligentdabidjan.info\/news\/wp-json\/wp\/v2\/tags?post=14596"}],"curies":[{"name":"wp","href":"https:\/\/api.w.org\/{rel}","templated":true}]}}