{"id":14608,"date":"2019-06-25T01:06:11","date_gmt":"2019-06-24T23:06:11","guid":{"rendered":"https:\/\/www.lintelligentdabidjan.info\/news\/?p=14608"},"modified":"2019-06-25T01:21:58","modified_gmt":"2019-06-24T23:21:58","slug":"cote-divoire-il-ny-aura-pas-de-transition-pour-la-presidentielle-2020-alassane-ouattara","status":"publish","type":"post","link":"https:\/\/www.lintelligentdabidjan.info\/news\/cote-divoire-il-ny-aura-pas-de-transition-pour-la-presidentielle-2020-alassane-ouattara\/","title":{"rendered":"C\u00f4te d\u2019Ivoire : il n\u2019y aura pas de transition pour la pr\u00e9sidentielle 2020 (Alassane Ouattara)"},"content":{"rendered":"<p><em><strong>Recevant les s\u00e9nateurs de son parti, le Rhdp, le lundi 24 juin 2019 au Palais de la Pr\u00e9sidence de la R\u00e9publique \u00e0 Abidjan-Plateau, le Chef de l\u2019\u00c9tat ivoirien, Alassane Ouattara, a fait savoir que l\u2019\u00e9lection pr\u00e9sidentielle se tiendra le samedi 28 octobre 2020, conformement aux prescriptions de la Constitution.<\/strong><\/em><\/p>\n<p><em>\u00ab J\u2019entends des gens dire avec nostalgie qu&#8217;ils souhaitent qu&#8217;il y\u2019ait une transition avant la tenue de la pr\u00e9sidentielle de 2020. Je leur dis que ce sera pas possible. La pr\u00e9sidentielle de 2020 se tiendra \u00e0 la date indiqu\u00e9e par la Constitution, c&#8217;est-\u00e0-dire, le samedi 28 octobre 2020. Et elle ne changera pas. Une transition pour aller o\u00f9 ? Nous ne sommes plus en 2010. On ne peut pas parler de transition, alors que toutes les Institutions du pays sont en place et fonctionnent bien. La Pr\u00e9sidentielle de 2020 et les autres \u00e9lections locales qui suivent, se tiendront aux dates indiqu\u00e9es \u00bb<\/em>, a clarifi\u00e9 le Pr\u00e9sident de la R\u00e9publique, devant les 81 s\u00e9nateurs venus \u00e0 la rencontre ( 78 s\u00e9nateurs Rhdp et des 4 s\u00e9nateurs apparent\u00e9s), sur les 99 que compte l\u2019institution. <\/p>\n<p>Pour tenir dans le d\u00e9lai, le Pr\u00e9sident de la R\u00e9publique a dit avoir instruit le Premier ministre Amadou Gon Coulibaly, pour que soit acc\u00e9l\u00e9r\u00e9es les n\u00e9gociations avec les partis de l&#8217;opposition et les structures de la soci\u00e9t\u00e9 civile, pour l\u2019\u00e9laboration rapide du projet de loi sur la nouvelle Cei. <\/p>\n<p>Il a souhait\u00e9 que ce projet loi lui soit transmis <em>\u00ab d\u2019ici a fin juin, au plus tard, d\u00e9but juillet \u00bb<\/em>, afin qu&#8217;il soit d\u00e9pos\u00e9 sur la table des d\u00e9put\u00e9s, pour adoption. Car, ajoutera-t-il,<em> \u00abla nouvelle Cei doit se mettre au travail rapidement. Elle doit \u00eatre fonctionnelle au plus vite, pour faire le  n\u00e9cessaire, afin  de tenir les dates des \u00e9lections. J&#8217;ai demand\u00e9 au Premier ministre de faire en sorte que le projet de loi soit pr\u00e9sent\u00e9 au d\u00e9put\u00e9 d&#8217;ici d\u00e9but juillet \u00bb<\/em>. <\/p>\n<p>\u00c0 ceux qui n&#8217;ont pas la m\u00eame lecture que le gouvernement sur les recommandations de la Cour africaine  concernant  la nouvelle Cei, le Chef de l\u2019\u00c9tat a demand\u00e9 de relire le texte de l\u2019arr\u00eat. Il a signal\u00e9 qu\u2019il ne s&#8217;agit que de recommandations, et que rien ne l&#8217;obligeait \u00e0 les mettre en application.<em> \u00ab Nous le faisons pour montrer que nous sommes un \u00c9tat de droit \u00bb<\/em>, a-t-il expliqu\u00e9.<br \/>\n<strong><br \/>\n[ \u00ab En C\u00f4te d\u2019Ivoire, il y\u2019a d\u00e9sormais les Houphoutistes et les anti-Houphou\u00ebtistes \u00bb ] <\/strong><\/p>\n<p>Comme dans un pass\u00e9 r\u00e9cent, le Pr\u00e9sident de la R\u00e9publique Alassane Ouattara a \u00e0 nouveau mis en garde contre toute volont\u00e9 de semer des troubles dans le pays en 2020 : \u00ab Ces \u00e9lections se tiendront et il n&#8217;y aura rien. Arr\u00eatons de nous faire peur. Il n&#8217;y aura rien en 2020. Il n&#8217;y aura aucun d\u00e9sordre, parce qu\u2019aucun d\u00e9sordre ne sera tol\u00e9r\u00e9 \u00bb. <\/p>\n<p>Le Pr\u00e9sident de R\u00e9publique, pr\u00e9sident du Rhdp, s\u2019est ensuite f\u00e9licit\u00e9 de la recomposition du paysage politique dans le pays, avec, selon lui, la cr\u00e9ation d\u00e9sormais, de deux grands blocs politique. Pour lui, ce sera d\u00e9sormais les Houphoutistes contre les anti-Houphou\u00ebtistes. <\/p>\n<p><em><< La recomposition du paysage politique dans notre pays est une bonne chose. Elle confirme la clarification. Cela nous donne \u00e0 pr\u00e9sent deux grands groupes que sont les Houphoutistes et les anti-Houphou\u00ebtistes \u00bb<\/em>. <\/p>\n<p>Il a compar\u00e9 la C\u00f4te d\u2019Ivoire aux \u00c9tats-Unis d&#8217;Am\u00e9rique o\u00f9 le d\u00e9bat politique est anim\u00e9, selon  lui, par deux grands groupes que sont les R\u00e9publicains et les D\u00e9mocrates.  Deux formations qui tiennent le S\u00e9nat et le Congr\u00e8s am\u00e9ricain. Il s&#8217;est r\u00e9joui qu\u2019en C\u00f4te d\u2019Ivoire, <em>\u00ab Les Houphouetistes soient les plus nombreux \u00e0 l&#8217;Assembl\u00e9e nationale et au S\u00e9nat \u00bb<\/em>. <\/p>\n<p>La rencontre a \u00e9t\u00e9 voulue par les s\u00e9nateurs issus du Rhdp. Par la voie du Pr\u00e9sident du S\u00e9nat, Jeannot Ahoussou Kouadio, ils ont dit \u00eatre venus prendre des instructions aupr\u00e8s du Pr\u00e9sident Ouattara, pr\u00e9sident de leur parti, <em> \u00ab afin d&#8217;aller faire le travail sur le terrain\u00bb<\/em>.<\/p>\n<p><strong>J-H Koffo <\/strong><\/p>\n","protected":false},"excerpt":{"rendered":"<p>Recevant les s\u00e9nateurs de son parti, le Rhdp, le lundi 24 juin 2019 au Palais de la Pr\u00e9sidence de la R\u00e9publique \u00e0 Abidjan-Plateau, le Chef de l\u2019\u00c9tat ivoirien, Alassane Ouattara, a fait savoir que l\u2019\u00e9lection pr\u00e9sidentielle se tiendra le samedi 28 octobre 2020, conformement aux prescriptions de la Constitution. \u00ab J\u2019entends des gens dire avec [&hellip;]<\/p>\n","protected":false},"author":3,"featured_media":14610,"comment_status":"closed","ping_status":"closed","sticky":false,"template":"","format":"standard","meta":{"_monsterinsights_skip_tracking":false,"_monsterinsights_sitenote_active":false,"_monsterinsights_sitenote_note":"","_monsterinsights_sitenote_category":0,"footnotes":""},"categories":[2,17],"tags":[],"class_list":["post-14608","post","type-post","status-publish","format-standard","has-post-thumbnail","hentry","category-featured","category-politique"],"_links":{"self":[{"href":"https:\/\/www.lintelligentdabidjan.info\/news\/wp-json\/wp\/v2\/posts\/14608","targetHints":{"allow":["GET"]}}],"collection":[{"href":"https:\/\/www.lintelligentdabidjan.info\/news\/wp-json\/wp\/v2\/posts"}],"about":[{"href":"https:\/\/www.lintelligentdabidjan.info\/news\/wp-json\/wp\/v2\/types\/post"}],"author":[{"embeddable":true,"href":"https:\/\/www.lintelligentdabidjan.info\/news\/wp-json\/wp\/v2\/users\/3"}],"replies":[{"embeddable":true,"href":"https:\/\/www.lintelligentdabidjan.info\/news\/wp-json\/wp\/v2\/comments?post=14608"}],"version-history":[{"count":1,"href":"https:\/\/www.lintelligentdabidjan.info\/news\/wp-json\/wp\/v2\/posts\/14608\/revisions"}],"predecessor-version":[{"id":14609,"href":"https:\/\/www.lintelligentdabidjan.info\/news\/wp-json\/wp\/v2\/posts\/14608\/revisions\/14609"}],"wp:featuredmedia":[{"embeddable":true,"href":"https:\/\/www.lintelligentdabidjan.info\/news\/wp-json\/wp\/v2\/media\/14610"}],"wp:attachment":[{"href":"https:\/\/www.lintelligentdabidjan.info\/news\/wp-json\/wp\/v2\/media?parent=14608"}],"wp:term":[{"taxonomy":"category","embeddable":true,"href":"https:\/\/www.lintelligentdabidjan.info\/news\/wp-json\/wp\/v2\/categories?post=14608"},{"taxonomy":"post_tag","embeddable":true,"href":"https:\/\/www.lintelligentdabidjan.info\/news\/wp-json\/wp\/v2\/tags?post=14608"}],"curies":[{"name":"wp","href":"https:\/\/api.w.org\/{rel}","templated":true}]}}