{"id":14611,"date":"2019-06-25T01:25:10","date_gmt":"2019-06-24T23:25:10","guid":{"rendered":"https:\/\/www.lintelligentdabidjan.info\/news\/?p=14611"},"modified":"2019-06-25T02:14:00","modified_gmt":"2019-06-25T00:14:00","slug":"cooperation-culturelle-entre-la-cote-divoire-et-le-mali-ce-que-ndiaye-ramatoulaye-diallo-et-bandama-maurice-envisagent-de-faire","status":"publish","type":"post","link":"https:\/\/www.lintelligentdabidjan.info\/news\/cooperation-culturelle-entre-la-cote-divoire-et-le-mali-ce-que-ndiaye-ramatoulaye-diallo-et-bandama-maurice-envisagent-de-faire\/","title":{"rendered":"Coop\u00e9ration culturelle entre la C\u00f4te d&#8217;Ivoire et le Mali :Ce que N&#8217;Diaye Ramatoulaye Diallo et Bandama Maurice envisagent de faire"},"content":{"rendered":"<p><em><strong><br \/>\nLe ministre ivoirien de la Culture et de la Francophonie Maurice Kouakou Bandaman a eu une s\u00e9ance de travail avec son homologue malien N&#8217;Diaye Ramatoulaye Diallo, \u00e0 son cabinet sis \u00e0 Abidjan-Plateau, le lundi 24 juin 2019.<\/strong><\/em><\/p>\n<p>\u00c9voquant les raisons de sa visite en terre ivoirienne, la ministre malienne de la Culture a dit \u00eatre venue dans le cadre de la relation bilat\u00e9rale entre son pays et la C\u00f4te d&#8217;Ivoire. Pour elle, cette rencontre est motiv\u00e9e par la volont\u00e9 du Mali de renforcer la coop\u00e9ration culturelle d\u00e9j\u00e0 existante entre les deux \u00c9tats, en lui insufflant un nouveau souffle. N&#8217;Diaye Ramatoulaye Diallo a aussi indiqu\u00e9 \u00eatre pr\u00e9sente pour s&#8217;inspirer de l&#8217;exp\u00e9rience ivoirienne dans la caravane de la paix initi\u00e9e en 2011 pour sensibiliser les populations aux valeurs de paix et de coh\u00e9sion sociale, apr\u00e8s la crise post\u00e9lectorale. Et ce, pour apporter des solutions culturelles, en plus des moyens politiques et militaires, aux probl\u00e8mes s\u00e9curitaires que conna\u00eet actuellement la partie septentrionale du Mali.<\/p>\n<p>En r\u00e9action \u00e0 cette sollicitation des services ivoiriens, le premier responsable de la culture en C\u00f4te d&#8217;Ivoire a rassur\u00e9 sa coll\u00e8gue malienne du soutien de son pays. Selon lui, cet appui sera caract\u00e9ris\u00e9 par la mobilisation d&#8217;artistes ivoiriens pour prendre part \u00e0 la caravane de paix que  le gouvernement malien entend organiser sur son sol \u00e0 l&#8217;effet de rassembler les populations. Maurice Kouakou Bandaman a \u00e9galement appel\u00e9 le monde de la culture d&#8217;Afrique \u00e0 se mobiliser contre le terrorisme qui s\u00e9vit pr\u00e9sentement sur le continent, notamment au Mali et   au Burkina Faso. Car, \u00e0 l&#8217;en croire, ce sont tous les peuples d&#8217;Afrique qui sont menac\u00e9s par l&#8217;intol\u00e9rance.<\/p>\n<p>Plusieurs recommandations ont \u00e9t\u00e9 faites par les deux parties \u00e0 l&#8217;issue des travaux. Il s&#8217;agit, entre autres, de l&#8217;institution des journ\u00e9es culturelles ivoiro-maliennes qui se tiendront, chaque ann\u00e9e, de fa\u00e7on alternative dans les deux pays. Et la redynamisation du festival international d\u00e9nomm\u00e9 &#8221;Triangle du Balafon&#8221;, r\u00e9unissant la C\u00f4te d&#8217;Ivoire, le Mali et le Burkina Faso.<\/p>\n<p><strong>TAB avec IBK<\/strong><\/p>\n","protected":false},"excerpt":{"rendered":"<p>Le ministre ivoirien de la Culture et de la Francophonie Maurice Kouakou Bandaman a eu une s\u00e9ance de travail avec son homologue malien N&#8217;Diaye Ramatoulaye Diallo, \u00e0 son cabinet sis \u00e0 Abidjan-Plateau, le lundi 24 juin 2019. \u00c9voquant les raisons de sa visite en terre ivoirienne, la ministre malienne de la Culture a dit \u00eatre [&hellip;]<\/p>\n","protected":false},"author":3,"featured_media":14622,"comment_status":"closed","ping_status":"closed","sticky":false,"template":"","format":"standard","meta":{"_monsterinsights_skip_tracking":false,"_monsterinsights_sitenote_active":false,"_monsterinsights_sitenote_note":"","_monsterinsights_sitenote_category":0,"footnotes":""},"categories":[2,20],"tags":[],"class_list":["post-14611","post","type-post","status-publish","format-standard","has-post-thumbnail","hentry","category-featured","category-art-et-culture"],"_links":{"self":[{"href":"https:\/\/www.lintelligentdabidjan.info\/news\/wp-json\/wp\/v2\/posts\/14611","targetHints":{"allow":["GET"]}}],"collection":[{"href":"https:\/\/www.lintelligentdabidjan.info\/news\/wp-json\/wp\/v2\/posts"}],"about":[{"href":"https:\/\/www.lintelligentdabidjan.info\/news\/wp-json\/wp\/v2\/types\/post"}],"author":[{"embeddable":true,"href":"https:\/\/www.lintelligentdabidjan.info\/news\/wp-json\/wp\/v2\/users\/3"}],"replies":[{"embeddable":true,"href":"https:\/\/www.lintelligentdabidjan.info\/news\/wp-json\/wp\/v2\/comments?post=14611"}],"version-history":[{"count":1,"href":"https:\/\/www.lintelligentdabidjan.info\/news\/wp-json\/wp\/v2\/posts\/14611\/revisions"}],"predecessor-version":[{"id":14612,"href":"https:\/\/www.lintelligentdabidjan.info\/news\/wp-json\/wp\/v2\/posts\/14611\/revisions\/14612"}],"wp:featuredmedia":[{"embeddable":true,"href":"https:\/\/www.lintelligentdabidjan.info\/news\/wp-json\/wp\/v2\/media\/14622"}],"wp:attachment":[{"href":"https:\/\/www.lintelligentdabidjan.info\/news\/wp-json\/wp\/v2\/media?parent=14611"}],"wp:term":[{"taxonomy":"category","embeddable":true,"href":"https:\/\/www.lintelligentdabidjan.info\/news\/wp-json\/wp\/v2\/categories?post=14611"},{"taxonomy":"post_tag","embeddable":true,"href":"https:\/\/www.lintelligentdabidjan.info\/news\/wp-json\/wp\/v2\/tags?post=14611"}],"curies":[{"name":"wp","href":"https:\/\/api.w.org\/{rel}","templated":true}]}}