{"id":14613,"date":"2019-06-25T01:28:28","date_gmt":"2019-06-24T23:28:28","guid":{"rendered":"https:\/\/www.lintelligentdabidjan.info\/news\/?p=14613"},"modified":"2019-06-25T01:58:58","modified_gmt":"2019-06-24T23:58:58","slug":"inauguration-de-lantenne-campus-france-a-luniversite-alassane-ouattara-uao-a-bouake","status":"publish","type":"post","link":"https:\/\/www.lintelligentdabidjan.info\/news\/inauguration-de-lantenne-campus-france-a-luniversite-alassane-ouattara-uao-a-bouake\/","title":{"rendered":"Inauguration de l&#8217;antenne Campus France \u00e0 l&#8217;Universit\u00e9 Alassane Ouattara (UAO) \u00e0 Bouak\u00e9"},"content":{"rendered":"<p><em><br \/>\n<strong><br \/>\nGilles Huberson annonce l\u2019acc\u00e8s \u00e0 la France \u00e0 1000 \u00e9tudiants ivoiriens pour les \u00e9tudes<br \/>\nGilles Huberson, ambassadeur de France en C\u00f4te d\u2019Ivoire a proc\u00e9d\u00e9 jeudi 20 juin 2019 \u00e0 l&#8217;inauguration de l&#8217;antenne Campus France \u00e0 l&#8217;Universit\u00e9 Alassane Ouattara (UAO) \u00e0 Bouak\u00e9.<\/strong><\/em><\/p>\n<p>\u00abL\u2019ouverture de l&#8217;antenne de campus France \u00e0 Bouak\u00e9 est l&#8217;un des symboles qui prouvent  que la France est ouverte au reste du monde particuli\u00e8rement la C\u00f4te d&#8217;Ivoire (\u2026) De par l&#8217;ouverture de cette antenne du Campus France, la deuxi\u00e8me en C\u00f4te d&#8217;Ivoire apr\u00e8s celle d&#8217;Abidjan, les \u00e9tudiants de l\u2019int\u00e9rieur du pays d\u00e9sireux de poursuivre leurs \u00e9tudes en France pourront d\u00e9sormais s&#8217;inscrire sur place \u00e0 l&#8217;UAO \u00e0 Bouak\u00e9 dans des locaux agr\u00e9ables par un personnel comp\u00e9tent et bienveillant. (\u2026)Cela met la proc\u00e9dure d\u2019instruction de d\u00e9part en France beaucoup plus pr\u00e8s de vous les \u00e9tudiants d\u00e9sireux de poursuivre vos \u00e9tudes en France. C\u2019est une sorte de service de proximit\u00e9 et en m\u00eame temps nous esp\u00e9rons que du fait de la pr\u00e9sence de cette agence \u00e0 Bouak\u00e9, nous aurons d\u2019avantage d\u2019\u00e9tudiants issus de l&#8217;universit\u00e9 Alassane Ouattara et des grandes \u00e9coles \u00e0 Bouak\u00e9&#8221;, a expliqu\u00e9 le diplomate fran\u00e7ais. Qui a souhait\u00e9 l&#8217;adh\u00e9sion massive des \u00e9tudiants de Bouak\u00e9. Gilles Huberson a annonc\u00e9 que son pays va \u00e0 compter de cette ann\u00e9e et ceux jusqu&#8217;\u00e0 trois (3) ans, faciliter l&#8217;acc\u00e8s en France \u00e0 1000 \u00e9tudiants ivoiriens pour continuer dans ce pays leurs \u00e9tudes. <\/p>\n<p>Prof. Lazare Marcelin Poam\u00e9, pr\u00e9sident de l&#8217;Universit\u00e9 Alassane Ouattara   a traduit toute sa joie ainsi que celle des \u00e9tudiants de Bouak\u00e9.   &#8220;La pr\u00e9sence de cette antenne \u00e0 Bouak\u00e9 r\u00e9duira les co\u00fbts et les risques li\u00e9s au d\u00e9placement de nos \u00e9tudiants \u00e0 Abidjan pour la pr\u00e9paration de leurs dossiers d\u2019accession aux universit\u00e9s et grandes \u00e9coles fran\u00e7aises. Maintenant, tout peut  se faire ici, sur place et \u00e0 moindre co\u00fbt. Il s\u2019agit d\u2019un pas de franchi pour nos \u00e9tudiants qui aspirent \u00e0 aller faire des \u00e9tudes en France. L\u2019universit\u00e9 Alassane Ouattara se sent particuli\u00e8rement honor\u00e9e d\u2019abriter cette antenne qui va accueillir d\u00e9sormais tous les \u00e9tudiants de l\u2019int\u00e9rieur du pays, c\u2019est \u00e0 dire au-del\u00e0 de Bouak\u00e9&#8221;. Cette c\u00e9r\u00e9monie d\u2019inauguration s&#8217;est achev\u00e9e par la signature d\u2019une convention entre l&#8217;ambassade de France en C\u00f4te d&#8217;Ivoire et l&#8217;UAO suivie d\u2019une rencontre d\u2019informations avec les futurs \u00e9tudiants candidats au programme de campus France.<\/p>\n<p><strong>Aboubacar Al Syddick \u00e0 Bouak\u00e9<\/strong><\/p>\n","protected":false},"excerpt":{"rendered":"<p>Gilles Huberson annonce l\u2019acc\u00e8s \u00e0 la France \u00e0 1000 \u00e9tudiants ivoiriens pour les \u00e9tudes Gilles Huberson, ambassadeur de France en C\u00f4te d\u2019Ivoire a proc\u00e9d\u00e9 jeudi 20 juin 2019 \u00e0 l&#8217;inauguration de l&#8217;antenne Campus France \u00e0 l&#8217;Universit\u00e9 Alassane Ouattara (UAO) \u00e0 Bouak\u00e9. \u00abL\u2019ouverture de l&#8217;antenne de campus France \u00e0 Bouak\u00e9 est l&#8217;un des symboles qui prouvent [&hellip;]<\/p>\n","protected":false},"author":3,"featured_media":14621,"comment_status":"closed","ping_status":"closed","sticky":false,"template":"","format":"standard","meta":{"_monsterinsights_skip_tracking":false,"_monsterinsights_sitenote_active":false,"_monsterinsights_sitenote_note":"","_monsterinsights_sitenote_category":0,"footnotes":""},"categories":[2,3],"tags":[],"class_list":["post-14613","post","type-post","status-publish","format-standard","has-post-thumbnail","hentry","category-featured","category-societe"],"_links":{"self":[{"href":"https:\/\/www.lintelligentdabidjan.info\/news\/wp-json\/wp\/v2\/posts\/14613","targetHints":{"allow":["GET"]}}],"collection":[{"href":"https:\/\/www.lintelligentdabidjan.info\/news\/wp-json\/wp\/v2\/posts"}],"about":[{"href":"https:\/\/www.lintelligentdabidjan.info\/news\/wp-json\/wp\/v2\/types\/post"}],"author":[{"embeddable":true,"href":"https:\/\/www.lintelligentdabidjan.info\/news\/wp-json\/wp\/v2\/users\/3"}],"replies":[{"embeddable":true,"href":"https:\/\/www.lintelligentdabidjan.info\/news\/wp-json\/wp\/v2\/comments?post=14613"}],"version-history":[{"count":1,"href":"https:\/\/www.lintelligentdabidjan.info\/news\/wp-json\/wp\/v2\/posts\/14613\/revisions"}],"predecessor-version":[{"id":14614,"href":"https:\/\/www.lintelligentdabidjan.info\/news\/wp-json\/wp\/v2\/posts\/14613\/revisions\/14614"}],"wp:featuredmedia":[{"embeddable":true,"href":"https:\/\/www.lintelligentdabidjan.info\/news\/wp-json\/wp\/v2\/media\/14621"}],"wp:attachment":[{"href":"https:\/\/www.lintelligentdabidjan.info\/news\/wp-json\/wp\/v2\/media?parent=14613"}],"wp:term":[{"taxonomy":"category","embeddable":true,"href":"https:\/\/www.lintelligentdabidjan.info\/news\/wp-json\/wp\/v2\/categories?post=14613"},{"taxonomy":"post_tag","embeddable":true,"href":"https:\/\/www.lintelligentdabidjan.info\/news\/wp-json\/wp\/v2\/tags?post=14613"}],"curies":[{"name":"wp","href":"https:\/\/api.w.org\/{rel}","templated":true}]}}