{"id":14627,"date":"2019-06-26T00:10:09","date_gmt":"2019-06-25T22:10:09","guid":{"rendered":"https:\/\/www.lintelligentdabidjan.info\/news\/?p=14627"},"modified":"2019-06-26T00:15:23","modified_gmt":"2019-06-25T22:15:23","slug":"culture-la-cote-divoire-et-le-mali-relancent-leur-cooperation-bilaterale","status":"publish","type":"post","link":"https:\/\/www.lintelligentdabidjan.info\/news\/culture-la-cote-divoire-et-le-mali-relancent-leur-cooperation-bilaterale\/","title":{"rendered":"Culture : la C\u00f4te d\u2019Ivoire et le Mali relancent leur coop\u00e9ration bilat\u00e9rale"},"content":{"rendered":"<p><strong> <em>\u00c0 l\u2019issue d\u2019une audience avec le Premier Ministre ivoirien, Amadou Gon Coulibaly, le 25 juin 2019, la ministre malienne de la Culture, Ndiaye Ramatoulaye Diallo, a dit \u00eatre venue \u00e0 Abidjan dans le cadre de la relance de la coop\u00e9ration bilat\u00e9rale entre la C\u00f4te d\u2019Ivoire et le Mali dans le domaine culturel.<\/em><\/strong><\/p>\n<p><em>\u00ab Nous sommes venus rendre compte au Premier Ministre ivoirien Amadou Gon Coulibaly de notre s\u00e9ance de travail avec mon homologue Maurice Kouakou Bandaman. Elle a port\u00e9 essentiellement sur la relance de la coop\u00e9ration bilat\u00e9rale entre la C\u00f4te d\u2019Ivoire et le Mali dans le domaine de la culture \u00bb<\/em>, a d\u00e9clar\u00e9 Ndiaye Ramatoulaye Diallo.<br \/>\n<img loading=\"lazy\" decoding=\"async\" src=\"https:\/\/www.lintelligentdabidjan.info\/news\/wp-content\/uploads\/2019\/06\/culture-300x200.jpg\" alt=\"culture\" width=\"300\" height=\"200\" class=\"alignnone size-medium wp-image-14632\" srcset=\"https:\/\/www.lintelligentdabidjan.info\/news\/wp-content\/uploads\/2019\/06\/culture-300x200.jpg 300w, https:\/\/www.lintelligentdabidjan.info\/news\/wp-content\/uploads\/2019\/06\/culture-768x512.jpg 768w, https:\/\/www.lintelligentdabidjan.info\/news\/wp-content\/uploads\/2019\/06\/culture-1024x683.jpg 1024w, https:\/\/www.lintelligentdabidjan.info\/news\/wp-content\/uploads\/2019\/06\/culture-696x464.jpg 696w, https:\/\/www.lintelligentdabidjan.info\/news\/wp-content\/uploads\/2019\/06\/culture-1068x712.jpg 1068w, https:\/\/www.lintelligentdabidjan.info\/news\/wp-content\/uploads\/2019\/06\/culture-630x420.jpg 630w, https:\/\/www.lintelligentdabidjan.info\/news\/wp-content\/uploads\/2019\/06\/culture.jpg 1114w\" sizes=\"auto, (max-width: 300px) 100vw, 300px\" \/><\/p>\n<p>Elle a aussi vivement encourag\u00e9 la C\u00f4te d\u2019Ivoire \u00e0 ratifier la Charte de la Renaissance culturelle.<em> \u00ab Le Pr\u00e9sident malien Ibrahim Boubacar K\u00e9ita a \u00e9t\u00e9 d\u00e9sign\u00e9 par ses pairs de l\u2019Union africaine (UA) comme coordinateur-champion de la culture, des arts et du patrimoine pour l\u2019UA. Et dans le cadre de son mandat, le premier objectif est l\u2019entr\u00e9e en vigueur de la Charte de la Renaissance culturelle \u00bb<\/em>, a-t-elle expliqu\u00e9, tout en se f\u00e9licitant de la promesse faite par le Premier Ministre de tenir l\u2019engagement de la C\u00f4te d\u2019Ivoire de ratifier ladite Charte.<\/p>\n<p>Et d\u2019ajouter que <em>\u00ab 14 pays ont d\u00e9j\u00e0 ratifi\u00e9 cette Charte. Et si le 15\u00e8 pays, la C\u00f4te d\u2019Ivoire, nous fait l\u2019honneur de la ratifier, la Charte de la Renaissance culturelle entrera en vigueur \u00bb<\/em>.<\/p>\n<p>Enfin, elle a annonc\u00e9 la tenue \u00e0 Korhogo du prochain festival <em>\u00ab Triangle du Balafon \u00bb<\/em>, qui r\u00e9unit la C\u00f4te d\u2019Ivoire, le Mali et le Burkina Faso. Ledit festival se tient habituellement \u00e0 Sikasso au Mali.<\/p>\n<p><strong><br \/>\nSource : Direction de la Communication de la Primature<\/strong><\/p>\n","protected":false},"excerpt":{"rendered":"<p>\u00c0 l\u2019issue d\u2019une audience avec le Premier Ministre ivoirien, Amadou Gon Coulibaly, le 25 juin 2019, la ministre malienne de la Culture, Ndiaye Ramatoulaye Diallo, a dit \u00eatre venue \u00e0 Abidjan dans le cadre de la relance de la coop\u00e9ration bilat\u00e9rale entre la C\u00f4te d\u2019Ivoire et le Mali dans le domaine culturel. \u00ab Nous sommes [&hellip;]<\/p>\n","protected":false},"author":3,"featured_media":14628,"comment_status":"closed","ping_status":"closed","sticky":false,"template":"","format":"standard","meta":{"_monsterinsights_skip_tracking":false,"_monsterinsights_sitenote_active":false,"_monsterinsights_sitenote_note":"","_monsterinsights_sitenote_category":0,"footnotes":""},"categories":[2,20],"tags":[77,510,511],"class_list":["post-14627","post","type-post","status-publish","format-standard","has-post-thumbnail","hentry","category-featured","category-art-et-culture","tag-cote-divoire","tag-culture","tag-mali"],"_links":{"self":[{"href":"https:\/\/www.lintelligentdabidjan.info\/news\/wp-json\/wp\/v2\/posts\/14627","targetHints":{"allow":["GET"]}}],"collection":[{"href":"https:\/\/www.lintelligentdabidjan.info\/news\/wp-json\/wp\/v2\/posts"}],"about":[{"href":"https:\/\/www.lintelligentdabidjan.info\/news\/wp-json\/wp\/v2\/types\/post"}],"author":[{"embeddable":true,"href":"https:\/\/www.lintelligentdabidjan.info\/news\/wp-json\/wp\/v2\/users\/3"}],"replies":[{"embeddable":true,"href":"https:\/\/www.lintelligentdabidjan.info\/news\/wp-json\/wp\/v2\/comments?post=14627"}],"version-history":[{"count":3,"href":"https:\/\/www.lintelligentdabidjan.info\/news\/wp-json\/wp\/v2\/posts\/14627\/revisions"}],"predecessor-version":[{"id":14633,"href":"https:\/\/www.lintelligentdabidjan.info\/news\/wp-json\/wp\/v2\/posts\/14627\/revisions\/14633"}],"wp:featuredmedia":[{"embeddable":true,"href":"https:\/\/www.lintelligentdabidjan.info\/news\/wp-json\/wp\/v2\/media\/14628"}],"wp:attachment":[{"href":"https:\/\/www.lintelligentdabidjan.info\/news\/wp-json\/wp\/v2\/media?parent=14627"}],"wp:term":[{"taxonomy":"category","embeddable":true,"href":"https:\/\/www.lintelligentdabidjan.info\/news\/wp-json\/wp\/v2\/categories?post=14627"},{"taxonomy":"post_tag","embeddable":true,"href":"https:\/\/www.lintelligentdabidjan.info\/news\/wp-json\/wp\/v2\/tags?post=14627"}],"curies":[{"name":"wp","href":"https:\/\/api.w.org\/{rel}","templated":true}]}}