{"id":14642,"date":"2019-06-26T01:05:53","date_gmt":"2019-06-25T23:05:53","guid":{"rendered":"https:\/\/www.lintelligentdabidjan.info\/news\/?p=14642"},"modified":"2019-06-26T01:05:53","modified_gmt":"2019-06-25T23:05:53","slug":"tourisme-et-hotellerie-siandou-fofana-annonce-une-table-ronde-a-dubai-en-juillet","status":"publish","type":"post","link":"https:\/\/www.lintelligentdabidjan.info\/news\/tourisme-et-hotellerie-siandou-fofana-annonce-une-table-ronde-a-dubai-en-juillet\/","title":{"rendered":"Tourisme et h\u00f4tellerie: Siandou Fofana annonce une table ronde \u00e0 Duba\u00ef, en juillet"},"content":{"rendered":"<p><em><strong><br \/>\nLa cl\u00f4ture de la  2e Conf\u00e9rence sur l&#8217;Investissement touristique et h\u00f4telier en Afrique francophone a eu lieu le 19 juin 2019 \u00e0 Abidjan. <\/strong><\/em><\/p>\n<p>\u00c0 cette occasion, le ministre du Tourisme et des Loisirs Siandou Fofana a r\u00e9affirm\u00e9 la place centrale de la destination ivoirienne.<\/p>\n<p>Le ministre s\u2019est r\u00e9joui de ce qu\u2019Abidjan confirme sa place de destination de tourisme d\u2019affaires et de conf\u00e9rences, et du leadership de la C\u00f4te d\u2019Ivoire sur le Continent . Et ce, d\u2019autant plus que les promoteurs du secteur de l\u2019h\u00f4tellerie ont r\u00e9it\u00e9r\u00e9 lors des pl\u00e9ni\u00e8res et panels, leur volont\u00e9 de prendre toute leur place en vue de la r\u00e9alisation d\u2019infrastructures de qualit\u00e9 et en nombre suffisant en C\u00f4te d\u2019Ivoire.   Siandou Fofana soutient qu\u2019outre la r\u00e9sidence de la Citha, avec le congr\u00e8s de l\u2019Union postale universelle et l\u2019Agoa \u00e0 venir, le dernier sommet UE\/UA, le pays a d\u00e9montre sa capacit\u00e9 d\u2019accueillir des \u00e9v\u00e8nements d\u2019envergure. <\/p>\n<p>Conscient que <em>\u00ab Depuis quelques ann\u00e9es, le tourisme s\u2019impose comme un secteur incontournable du d\u00e9veloppement \u00e9conomique et des \u00e9changes internationaux \u00bb<\/em>, et que selon l\u2019Organisation Mondiale du Tourisme, en tant que cat\u00e9gorie d\u2019exportation \u00e0 l\u2019\u00e9chelle Mondiale, \u00ab le Tourisme arrive en 3e position derri\u00e8re la chimie et les carburants et devant l\u2019automobile et l\u2019industrie alimentaire \u00bb, le ministre a expliqu\u00e9 que les plus hautes autorit\u00e9s attachent du prix \u00e0 la mise en \u0153uvre de \u00ab Sublime C\u00f4te d\u2019Ivoire \u00bb qui devrait porter l\u2019industrie touristique comme le 3e pilier du d\u00e9veloppement \u00e9conomique de la C\u00f4te d\u2019Ivoire.<\/p>\n<p><strong><br \/>\nUne table-ronde des bailleurs, \u00e0 Duba\u00ef, en juillet !<\/strong><\/p>\n<p>En rappelant aux quelques 300 participants venus du monde entier participer \u00e0 la Conf\u00e9rence, que la mise en \u0153uvre de cette  strat\u00e9gie n\u00e9cessite des investissements de plus de 3200 milliards, Siandou Fofana a indiqu\u00e9 qu\u2019il sera organis\u00e9, le mois prochain \u00e0 Duba\u00ef aux \u00c9mirats Arabes Unis, la Table-ronde des bailleurs, afin de sublimer le monde. Les fonds souverains et d\u2019investissements des pays du Golfe persique et bien au-del\u00e0 seront donc mobilis\u00e9s pour la r\u00e9ussite de cette ambition.<\/p>\n<p>Le  Directeur en charge du d\u00e9veloppement en Afrique francophone et lusophone chez Radisson Hotel Group, dans le cadre d\u2019une strat\u00e9gie agressive de d\u00e9veloppement sur cinq ans,  a indiqu\u00e9 que son groupe pr\u00e9voit d\u2019ouvrir 50 h\u00f4tels suppl\u00e9mentaires en Afrique subsaharienne. En C\u00f4te d\u2019Ivoire, il a souhait\u00e9 que chacune de leurs cinq marques soit pr\u00e9sente \u00e0 Abidjan d\u2019ici 2022.  Les trois partenaires de l\u2019\u00e9v\u00e9nement, Radisson Hotel Group, Horwath HTL et Proparco, ont   mis en lumi\u00e8re, le potentiel que repr\u00e9sente la C\u00f4te d\u2019Ivoire, carrefour de la Francophonie et pays d\u2019accueil de l\u2019\u00e9v\u00e9nement.<\/p>\n<p><strong>T.A.B avec Sercom<\/strong><\/p>\n","protected":false},"excerpt":{"rendered":"<p>La cl\u00f4ture de la 2e Conf\u00e9rence sur l&#8217;Investissement touristique et h\u00f4telier en Afrique francophone a eu lieu le 19 juin 2019 \u00e0 Abidjan. \u00c0 cette occasion, le ministre du Tourisme et des Loisirs Siandou Fofana a r\u00e9affirm\u00e9 la place centrale de la destination ivoirienne. Le ministre s\u2019est r\u00e9joui de ce qu\u2019Abidjan confirme sa place de [&hellip;]<\/p>\n","protected":false},"author":3,"featured_media":14643,"comment_status":"closed","ping_status":"closed","sticky":false,"template":"","format":"standard","meta":{"_monsterinsights_skip_tracking":false,"_monsterinsights_sitenote_active":false,"_monsterinsights_sitenote_note":"","_monsterinsights_sitenote_category":0,"footnotes":""},"categories":[2,18],"tags":[],"class_list":["post-14642","post","type-post","status-publish","format-standard","has-post-thumbnail","hentry","category-featured","category-economie"],"_links":{"self":[{"href":"https:\/\/www.lintelligentdabidjan.info\/news\/wp-json\/wp\/v2\/posts\/14642","targetHints":{"allow":["GET"]}}],"collection":[{"href":"https:\/\/www.lintelligentdabidjan.info\/news\/wp-json\/wp\/v2\/posts"}],"about":[{"href":"https:\/\/www.lintelligentdabidjan.info\/news\/wp-json\/wp\/v2\/types\/post"}],"author":[{"embeddable":true,"href":"https:\/\/www.lintelligentdabidjan.info\/news\/wp-json\/wp\/v2\/users\/3"}],"replies":[{"embeddable":true,"href":"https:\/\/www.lintelligentdabidjan.info\/news\/wp-json\/wp\/v2\/comments?post=14642"}],"version-history":[{"count":1,"href":"https:\/\/www.lintelligentdabidjan.info\/news\/wp-json\/wp\/v2\/posts\/14642\/revisions"}],"predecessor-version":[{"id":14644,"href":"https:\/\/www.lintelligentdabidjan.info\/news\/wp-json\/wp\/v2\/posts\/14642\/revisions\/14644"}],"wp:featuredmedia":[{"embeddable":true,"href":"https:\/\/www.lintelligentdabidjan.info\/news\/wp-json\/wp\/v2\/media\/14643"}],"wp:attachment":[{"href":"https:\/\/www.lintelligentdabidjan.info\/news\/wp-json\/wp\/v2\/media?parent=14642"}],"wp:term":[{"taxonomy":"category","embeddable":true,"href":"https:\/\/www.lintelligentdabidjan.info\/news\/wp-json\/wp\/v2\/categories?post=14642"},{"taxonomy":"post_tag","embeddable":true,"href":"https:\/\/www.lintelligentdabidjan.info\/news\/wp-json\/wp\/v2\/tags?post=14642"}],"curies":[{"name":"wp","href":"https:\/\/api.w.org\/{rel}","templated":true}]}}